{"id":43297,"date":"2020-11-18T18:25:58","date_gmt":"2020-11-18T10:25:58","guid":{"rendered":"http:\/\/www.namnewsnetwork.org\/es\/?p=43297"},"modified":"2020-11-18T15:48:43","modified_gmt":"2020-11-18T07:48:43","slug":"sudafrica-defiende-el-multilateralismo-en-conferencia-del-brics","status":"publish","type":"post","link":"http:\/\/www.namnewsnetwork.org\/es\/?p=43297","title":{"rendered":"Sud\u00e1frica defiende el multilateralismo en conferencia del Brics"},"content":{"rendered":"\n<p>PRETORIA, 18 de noviembre (NNN-PRENSA LATINA) &#8212; El presidente de Sud\u00e1frica, Cyril Ramaphosa, defendi\u00f3 el martes el multilateralismo, al tiempo que abog\u00f3 por reformar el Consejo de Seguridad de la ONU, durante la XII Cumbre del grupo Brics, que se realiza de manera virtual.<\/p>\n\n\n\n<p>Al intervenir en el evento, Ramaphosa asegur\u00f3 que de la actual pandemia de COVID-19 se desprende claramente que se debe fortalecer el multilateralismo como el medio preferido para promover nuestros intereses mutuos.<\/p>\n\n\n\n<p>Ante los mandatarios de Rusia (anfitriona de la Cumbre), China, India y Brasil, el presidente sudafricano enfatiz\u00f3 adem\u00e1s en la necesidad de reformar el Consejo de Seguridad de la ONU para asegurar que sea m\u00e1s representativo e inclusivo, en l\u00ednea con el principio de la igualdad soberana de todos los Estados.<\/p>\n\n\n\n<p>Asimismo, dijo, es necesario que las normas comerciales tengan en cuenta los intereses de los pa\u00edses en desarrollo, en particular con respecto a la industrializaci\u00f3n.<\/p>\n\n\n\n<p>Por tanto, enfatiz\u00f3, una reforma de la Organizaci\u00f3n Mundial del Comercio se ve como fundamental para reequilibrar el sistema de comercio mundial y garantizar que sus beneficios se distribuyan de forma m\u00e1s equitativa entre todas las naciones.<\/p>\n\n\n\n<p>En su alocuci\u00f3n, Ramaphosa expres\u00f3 su respaldo al llamamiento realizado por el secretario general de la ONU, Ant\u00f3nio Guterres, para un Nuevo Acuerdo Global, que incluya un sistema de comercio multilateral m\u00e1s inclusivo y equilibrado, la reforma de la arquitectura de la deuda y un mayor acceso a cr\u00e9ditos asequibles para los pa\u00edses en desarrollo.<\/p>\n\n\n\n<p>En el esp\u00edritu de esa iniciativa, agreg\u00f3, &#8216;hacemos un llamado a la comunidad internacional y a nuestros socios BRICS para que apoyen un paquete de est\u00edmulo integral para los pa\u00edses africanos&#8217;.<\/p>\n\n\n\n<p>Ello permitir\u00e1 a esas naciones contener la actual pandemia de la COVID-19 y reconstruir las da\u00f1adas econom\u00edas, asegur\u00f3.<\/p>\n\n\n\n<p>Adem\u00e1s, manifest\u00f3 el presidente sudafricano, acogemos con satisfacci\u00f3n el compromiso de nuestros Ministros de Salud de promover el acceso a medicamentos asequibles y de calidad y de hacer que las herramientas de diagn\u00f3stico para el nuevo coronavirus est\u00e9n disponibles en los pa\u00edses del Brics.<\/p>\n\n\n\n<p>Apoyamos tambi\u00e9n la iniciativa de establecer un sistema integrado de alerta temprana para prevenir nuevas enfermedades infecciosas masivas, y creemos que este es un proyecto que podr\u00eda ser apoyado por el Nuevo Banco de Desarrollo, dijo.<\/p>\n\n\n\n<p>Un pilar central de nuestra recuperaci\u00f3n nacional, record\u00f3, es diversificar y mejorar nuestra capacidad industrial, apoyando los procesos m\u00e1s amplios de industrializaci\u00f3n en \u00c1frica.<\/p>\n\n\n\n<p>En consecuencia, a\u00f1adi\u00f3, hacemos un llamado a nuestros socios Brics para aumentar la inversi\u00f3n no solo en Sud\u00e1frica sino en todo el continente africano, particularmente en el sector manufacturero.<\/p>\n\n\n\n<p>Como pa\u00edses BRICS, afirm\u00f3 Ramaphosa, estamos llamados a unirnos, demostrar nuestra voluntad colectiva, y ejercer liderazgo.<\/p>\n\n\n\n<p>La XII Cumbre del grupo Brics, estiman analistas internacionales, consolidar\u00e1 la importancia a nivel global de esa agrupaci\u00f3n, que comprende a cinco pa\u00edses emergentes: Brasil, Rusia, India, China y Sud\u00e1frica.<\/p>\n\n\n\n<p>De conjunto esas naciones representan alrededor del 42 por ciento de la poblaci\u00f3n mundial, el 23 por ciento del PIB, el 30 por ciento del territorio mundial y el 18 por ciento del comercio global.<br>\n&#8212; NNN-PRENSA LATINA<\/p>\n","protected":false},"excerpt":{"rendered":"<p>PRETORIA, 18 de noviembre (NNN-PRENSA LATINA) &#8212; El presidente de Sud\u00e1frica, Cyril Ramaphosa, defendi\u00f3 el martes el multilateralismo, al tiempo que abog\u00f3 por reformar el Consejo de Seguridad de la ONU, durante la XII Cumbre del grupo Brics, que se realiza de manera virtual. Al intervenir en el evento, Ramaphosa asegur\u00f3 que de la actual [&hellip;]<\/p>\n","protected":false},"author":2,"featured_media":43316,"comment_status":"closed","ping_status":"closed","sticky":false,"template":"","format":"standard","meta":[],"categories":[217,276,211],"tags":[],"_links":{"self":[{"href":"http:\/\/www.namnewsnetwork.org\/es\/index.php?rest_route=\/wp\/v2\/posts\/43297"}],"collection":[{"href":"http:\/\/www.namnewsnetwork.org\/es\/index.php?rest_route=\/wp\/v2\/posts"}],"about":[{"href":"http:\/\/www.namnewsnetwork.org\/es\/index.php?rest_route=\/wp\/v2\/types\/post"}],"author":[{"embeddable":true,"href":"http:\/\/www.namnewsnetwork.org\/es\/index.php?rest_route=\/wp\/v2\/users\/2"}],"replies":[{"embeddable":true,"href":"http:\/\/www.namnewsnetwork.org\/es\/index.php?rest_route=%2Fwp%2Fv2%2Fcomments&post=43297"}],"version-history":[{"count":1,"href":"http:\/\/www.namnewsnetwork.org\/es\/index.php?rest_route=\/wp\/v2\/posts\/43297\/revisions"}],"predecessor-version":[{"id":43317,"href":"http:\/\/www.namnewsnetwork.org\/es\/index.php?rest_route=\/wp\/v2\/posts\/43297\/revisions\/43317"}],"wp:featuredmedia":[{"embeddable":true,"href":"http:\/\/www.namnewsnetwork.org\/es\/index.php?rest_route=\/wp\/v2\/media\/43316"}],"wp:attachment":[{"href":"http:\/\/www.namnewsnetwork.org\/es\/index.php?rest_route=%2Fwp%2Fv2%2Fmedia&parent=43297"}],"wp:term":[{"taxonomy":"category","embeddable":true,"href":"http:\/\/www.namnewsnetwork.org\/es\/index.php?rest_route=%2Fwp%2Fv2%2Fcategories&post=43297"},{"taxonomy":"post_tag","embeddable":true,"href":"http:\/\/www.namnewsnetwork.org\/es\/index.php?rest_route=%2Fwp%2Fv2%2Ftags&post=43297"}],"curies":[{"name":"wp","href":"https:\/\/api.w.org\/{rel}","templated":true}]}}