{"id":43131,"date":"2020-11-15T23:29:50","date_gmt":"2020-11-15T15:29:50","guid":{"rendered":"http:\/\/www.namnewsnetwork.org\/es\/?p=43131"},"modified":"2020-11-15T23:29:52","modified_gmt":"2020-11-15T15:29:52","slug":"tribunal-maliense-condena-a-muerte-a-15-terroristas","status":"publish","type":"post","link":"http:\/\/www.namnewsnetwork.org\/es\/?p=43131","title":{"rendered":"Tribunal maliense condena a muerte a 15 terroristas"},"content":{"rendered":"\n<p>BAMAKO, 15 de noviembre (NNN-PRENSA LATINA) &#8212; Un tribunal maliense conden\u00f3 a muerte a Souleymane Keita, jefe extremista, y a otras 14 personas por ataques perpetrados en el sur del pa\u00eds y las fronteras con Costa de Marfil y Burkina Faso.<\/p>\n\n\n\n<p>Seg\u00fan destacaron el domingo medios de difusi\u00f3n en Bamako, a todos esos sentenciados se les acus\u00f3 de cometer actos de terrorismo y a 12 de ellos les condenaron en ausencia.<\/p>\n\n\n\n<p>La Agencia Maliense de Prensa (AMAP) inform\u00f3 que a Souleymane Keita, comandante de katiba (destacamento) de &#8216;Ansar dine du Sud&#8217;, y a dos dos sus seguidores se les inculp\u00f3 por predicar la guerra santa isl\u00e1mica en la regi\u00f3n austral y en la frontera con Costa de Marfil y Burkina Faso, lo cual admitieron los implicados.<\/p>\n\n\n\n<p>En la vista Keita, detenido en 2016, declar\u00f3: &#8216;No me arrepiento de nada porque nuestra lucha es contra el laicismo del estado de Mal\u00ed. Si tengo la oportunidad, lo volver\u00e9 a hacer&#8217;.<\/p>\n\n\n\n<p>Asimismo, reconoci\u00f3 que en 2013 particip\u00f3 como miembro del grupo Ansar Dine (Guardianes de la Fe), del integrista Iyad Ag Ghali en el ataque contra la localidad de Konna, ubicada en la regi\u00f3n central de este pa\u00eds, una acci\u00f3n que se considera desencaden\u00f3 la intervenci\u00f3n militar francesa con la Operaci\u00f3n Barkhane.<\/p>\n\n\n\n<p>Posteriormente, Souleymane Keita asumi\u00f3 la jefatura de los extremistas que operaban en la regi\u00f3n meridional y en las fronteras de Mal\u00ed, Burkina Faso y Costa de Marfil, con la intenci\u00f3n de establecer all\u00ed una filial del grupo radical para ejecutar operaciones militares y de reclutamiento.<\/p>\n\n\n\n<p>Ante el tribunal los otros dos acusados reconocieron su participaci\u00f3n en atentados contra localidades malienses fronterizas y se les acus\u00f3 de &#8216;terrorismo, posesi\u00f3n de armas de guerra y asesinatos&#8217;.<\/p>\n\n\n\n<p>Respecto a los enfrentamientos contra las facciones radicales en Mali, el Ej\u00e9rcito franc\u00e9s inform\u00f3 el s\u00e1bado una operaci\u00f3n en la franja central con la que aniquil\u00f3 a unos 30 yihadistas del Grupo de Apoyo al Islam y los Musulmanes.<br>\n&#8212; NNN-PRENSA LATINA<\/p>\n","protected":false},"excerpt":{"rendered":"<p>BAMAKO, 15 de noviembre (NNN-PRENSA LATINA) &#8212; Un tribunal maliense conden\u00f3 a muerte a Souleymane Keita, jefe extremista, y a otras 14 personas por ataques perpetrados en el sur del pa\u00eds y las fronteras con Costa de Marfil y Burkina Faso. Seg\u00fan destacaron el domingo medios de difusi\u00f3n en Bamako, a todos esos sentenciados se [&hellip;]<\/p>\n","protected":false},"author":2,"featured_media":43137,"comment_status":"closed","ping_status":"closed","sticky":false,"template":"","format":"standard","meta":[],"categories":[217,276,211],"tags":[],"_links":{"self":[{"href":"http:\/\/www.namnewsnetwork.org\/es\/index.php?rest_route=\/wp\/v2\/posts\/43131"}],"collection":[{"href":"http:\/\/www.namnewsnetwork.org\/es\/index.php?rest_route=\/wp\/v2\/posts"}],"about":[{"href":"http:\/\/www.namnewsnetwork.org\/es\/index.php?rest_route=\/wp\/v2\/types\/post"}],"author":[{"embeddable":true,"href":"http:\/\/www.namnewsnetwork.org\/es\/index.php?rest_route=\/wp\/v2\/users\/2"}],"replies":[{"embeddable":true,"href":"http:\/\/www.namnewsnetwork.org\/es\/index.php?rest_route=%2Fwp%2Fv2%2Fcomments&post=43131"}],"version-history":[{"count":1,"href":"http:\/\/www.namnewsnetwork.org\/es\/index.php?rest_route=\/wp\/v2\/posts\/43131\/revisions"}],"predecessor-version":[{"id":43139,"href":"http:\/\/www.namnewsnetwork.org\/es\/index.php?rest_route=\/wp\/v2\/posts\/43131\/revisions\/43139"}],"wp:featuredmedia":[{"embeddable":true,"href":"http:\/\/www.namnewsnetwork.org\/es\/index.php?rest_route=\/wp\/v2\/media\/43137"}],"wp:attachment":[{"href":"http:\/\/www.namnewsnetwork.org\/es\/index.php?rest_route=%2Fwp%2Fv2%2Fmedia&parent=43131"}],"wp:term":[{"taxonomy":"category","embeddable":true,"href":"http:\/\/www.namnewsnetwork.org\/es\/index.php?rest_route=%2Fwp%2Fv2%2Fcategories&post=43131"},{"taxonomy":"post_tag","embeddable":true,"href":"http:\/\/www.namnewsnetwork.org\/es\/index.php?rest_route=%2Fwp%2Fv2%2Ftags&post=43131"}],"curies":[{"name":"wp","href":"https:\/\/api.w.org\/{rel}","templated":true}]}}