{"id":43075,"date":"2020-11-13T22:28:24","date_gmt":"2020-11-13T14:28:24","guid":{"rendered":"http:\/\/www.namnewsnetwork.org\/es\/?p=43075"},"modified":"2020-11-13T22:28:26","modified_gmt":"2020-11-13T14:28:26","slug":"expectacion-por-alza-de-la-covid-19-en-africa","status":"publish","type":"post","link":"http:\/\/www.namnewsnetwork.org\/es\/?p=43075","title":{"rendered":"Expectaci\u00f3n por alza de la COVID-19 en \u00c1frica"},"content":{"rendered":"\n<p>NAIROBI, 13 de noviembre (NNN-PRENSA LATINA) &#8212; Los contagios con la pandemia de la COVID-19 en \u00c1frica experimentaron el jueves un alza notable y renovaron los temores de una ola de infecciones que el continente carece de condiciones para enfrentar.<\/p>\n\n\n\n<p>La cifra acumulada de casos alcanz\u00f3 un mill\u00f3n 935 mil 915, se\u00f1ala el informe del Centro Europeo de Control y Prevenci\u00f3n de Enfermedades (Cepce), lo que implica que en las \u00faltimas 24 horas los nuevos pacientes sumaron 17 mil 818, seg\u00fan el recuento diario de Prensa Latina basado en datos oficiales.<\/p>\n\n\n\n<p>En contrapartida, aunque tambi\u00e9n al alza en comparaci\u00f3n con d\u00edas anteriores, los decesos repitieron la tasa del jueves: 324, para un total de 46 mil 576 desde el primer fallecimiento en este continente por causas asociadas a la dolencia, ocasionada por el contagio con el coronavirus SARS-CoV-2, se\u00f1ala el Cepce.<\/p>\n\n\n\n<p>Tanto el mi\u00e9rcoles, como el jueves pasados, el n\u00famero de contagiados dio signos de aumentar, ambos d\u00edas en un rango pr\u00f3ximo a los 13 mil, por lo que llama la atenci\u00f3n este ascenso hasta casi 18 mil.<\/p>\n\n\n\n<p>Desde la irrupci\u00f3n de la pandemia en este continente, donde los sistemas de salubridad son endebles o inexistentes, sobre todo en zonas rurales, expertos, encabezados por los funcionarios de la Organizaci\u00f3n Mundial de la Salud alertaron del peligro de una cat\u00e1strofe humana, econ\u00f3mica y pol\u00edtica si los contagios salen de cauce.<\/p>\n\n\n\n<p>Aunque el incremento de los infectados y los decesos actuales son causas de inquietud, vale recordar que situaciones similares han ocurrido antes sin que estallara la pronosticada crisis.<br>\n&#8212; NNN-PRENSA LATINA<\/p>\n","protected":false},"excerpt":{"rendered":"<p>NAIROBI, 13 de noviembre (NNN-PRENSA LATINA) &#8212; Los contagios con la pandemia de la COVID-19 en \u00c1frica experimentaron el jueves un alza notable y renovaron los temores de una ola de infecciones que el continente carece de condiciones para enfrentar. La cifra acumulada de casos alcanz\u00f3 un mill\u00f3n 935 mil 915, se\u00f1ala el informe del [&hellip;]<\/p>\n","protected":false},"author":2,"featured_media":43083,"comment_status":"closed","ping_status":"closed","sticky":false,"template":"","format":"standard","meta":[],"categories":[217,276,211,198],"tags":[],"_links":{"self":[{"href":"http:\/\/www.namnewsnetwork.org\/es\/index.php?rest_route=\/wp\/v2\/posts\/43075"}],"collection":[{"href":"http:\/\/www.namnewsnetwork.org\/es\/index.php?rest_route=\/wp\/v2\/posts"}],"about":[{"href":"http:\/\/www.namnewsnetwork.org\/es\/index.php?rest_route=\/wp\/v2\/types\/post"}],"author":[{"embeddable":true,"href":"http:\/\/www.namnewsnetwork.org\/es\/index.php?rest_route=\/wp\/v2\/users\/2"}],"replies":[{"embeddable":true,"href":"http:\/\/www.namnewsnetwork.org\/es\/index.php?rest_route=%2Fwp%2Fv2%2Fcomments&post=43075"}],"version-history":[{"count":1,"href":"http:\/\/www.namnewsnetwork.org\/es\/index.php?rest_route=\/wp\/v2\/posts\/43075\/revisions"}],"predecessor-version":[{"id":43084,"href":"http:\/\/www.namnewsnetwork.org\/es\/index.php?rest_route=\/wp\/v2\/posts\/43075\/revisions\/43084"}],"wp:featuredmedia":[{"embeddable":true,"href":"http:\/\/www.namnewsnetwork.org\/es\/index.php?rest_route=\/wp\/v2\/media\/43083"}],"wp:attachment":[{"href":"http:\/\/www.namnewsnetwork.org\/es\/index.php?rest_route=%2Fwp%2Fv2%2Fmedia&parent=43075"}],"wp:term":[{"taxonomy":"category","embeddable":true,"href":"http:\/\/www.namnewsnetwork.org\/es\/index.php?rest_route=%2Fwp%2Fv2%2Fcategories&post=43075"},{"taxonomy":"post_tag","embeddable":true,"href":"http:\/\/www.namnewsnetwork.org\/es\/index.php?rest_route=%2Fwp%2Fv2%2Ftags&post=43075"}],"curies":[{"name":"wp","href":"https:\/\/api.w.org\/{rel}","templated":true}]}}