{"id":43037,"date":"2020-11-13T14:52:16","date_gmt":"2020-11-13T06:52:16","guid":{"rendered":"http:\/\/www.namnewsnetwork.org\/es\/?p=43037"},"modified":"2020-11-13T14:52:18","modified_gmt":"2020-11-13T06:52:18","slug":"mueren-ahogados-mas-de-70-migrantes-frente-a-las-costas-de-libia","status":"publish","type":"post","link":"http:\/\/www.namnewsnetwork.org\/es\/?p=43037","title":{"rendered":"Mueren ahogados m\u00e1s de 70 migrantes frente a las costas de Libia"},"content":{"rendered":"\n<p>GINEBRA, 13 de noviembre (NNN-HISPANTV) &#8212; Al menos 74 inmigrantes y refugiados murieron al naufragar su embarcaci\u00f3n en la que viajaban frente a las costas de Libia para llegar al sur de Europa.<\/p>\n\n\n\n<p>As\u00ed ha informado la Organizaci\u00f3n Internacional para las Migraciones (OIM) de Naciones Unidas, mediante un comunicado publicado el jueves.<\/p>\n\n\n\n<p>Se trata de una nave con m\u00e1s de 120 personas a bordo, entre ellos varios ni\u00f1os, que sufri\u00f3 el mi\u00e9rcoles una aver\u00eda cuando navegaba rumbo a Europa y se hundi\u00f3 en las costas de la localidad del puerto libio Al-Joms.<\/p>\n\n\n\n<p>La Guardia Costera y pescadores de la zona han logrado rescatar a 47 personas, mientras que se han recuperado al menos 31 cad\u00e1veres.<\/p>\n\n\n\n<p>Seg\u00fan las estimaciones del organismo, en este naufragio perdieron la vida 74 personas. No obstante, ha confirmado que sigue abierta la b\u00fasqueda de m\u00e1s posibles v\u00edctimas.<\/p>\n\n\n\n<p>Conforme a los datos ofrecidos por la Organizaci\u00f3n de Naciones Unidas (ONU), desde el a\u00f1o 2014, 20 000 personas se han ahogado en el Mediterr\u00e1neo central cuando trataban de llegar a las costas sure\u00f1as de Europa.<br>\n&#8212; NNN-HISPANTV<\/p>\n","protected":false},"excerpt":{"rendered":"<p>GINEBRA, 13 de noviembre (NNN-HISPANTV) &#8212; Al menos 74 inmigrantes y refugiados murieron al naufragar su embarcaci\u00f3n en la que viajaban frente a las costas de Libia para llegar al sur de Europa. As\u00ed ha informado la Organizaci\u00f3n Internacional para las Migraciones (OIM) de Naciones Unidas, mediante un comunicado publicado el jueves. Se trata de [&hellip;]<\/p>\n","protected":false},"author":2,"featured_media":43058,"comment_status":"closed","ping_status":"closed","sticky":false,"template":"","format":"standard","meta":[],"categories":[217,276,211],"tags":[],"_links":{"self":[{"href":"http:\/\/www.namnewsnetwork.org\/es\/index.php?rest_route=\/wp\/v2\/posts\/43037"}],"collection":[{"href":"http:\/\/www.namnewsnetwork.org\/es\/index.php?rest_route=\/wp\/v2\/posts"}],"about":[{"href":"http:\/\/www.namnewsnetwork.org\/es\/index.php?rest_route=\/wp\/v2\/types\/post"}],"author":[{"embeddable":true,"href":"http:\/\/www.namnewsnetwork.org\/es\/index.php?rest_route=\/wp\/v2\/users\/2"}],"replies":[{"embeddable":true,"href":"http:\/\/www.namnewsnetwork.org\/es\/index.php?rest_route=%2Fwp%2Fv2%2Fcomments&post=43037"}],"version-history":[{"count":1,"href":"http:\/\/www.namnewsnetwork.org\/es\/index.php?rest_route=\/wp\/v2\/posts\/43037\/revisions"}],"predecessor-version":[{"id":43059,"href":"http:\/\/www.namnewsnetwork.org\/es\/index.php?rest_route=\/wp\/v2\/posts\/43037\/revisions\/43059"}],"wp:featuredmedia":[{"embeddable":true,"href":"http:\/\/www.namnewsnetwork.org\/es\/index.php?rest_route=\/wp\/v2\/media\/43058"}],"wp:attachment":[{"href":"http:\/\/www.namnewsnetwork.org\/es\/index.php?rest_route=%2Fwp%2Fv2%2Fmedia&parent=43037"}],"wp:term":[{"taxonomy":"category","embeddable":true,"href":"http:\/\/www.namnewsnetwork.org\/es\/index.php?rest_route=%2Fwp%2Fv2%2Fcategories&post=43037"},{"taxonomy":"post_tag","embeddable":true,"href":"http:\/\/www.namnewsnetwork.org\/es\/index.php?rest_route=%2Fwp%2Fv2%2Ftags&post=43037"}],"curies":[{"name":"wp","href":"https:\/\/api.w.org\/{rel}","templated":true}]}}