{"id":42988,"date":"2020-11-12T12:20:03","date_gmt":"2020-11-12T04:20:03","guid":{"rendered":"http:\/\/www.namnewsnetwork.org\/es\/?p=42988"},"modified":"2020-11-12T12:20:05","modified_gmt":"2020-11-12T04:20:05","slug":"sudafrica-se-adhiere-al-tratado-de-amistad-y-cooperacion-en-el-sudeste-asiatico","status":"publish","type":"post","link":"http:\/\/www.namnewsnetwork.org\/es\/?p=42988","title":{"rendered":"Sud\u00e1frica se adhiere al Tratado de Amistad y Cooperaci\u00f3n en el Sudeste Asi\u00e1tico"},"content":{"rendered":"\n<p>PRETORIA, 12 de noviembre (NNN-VNA) &#8212; Sud\u00e1frica firm\u00f3 el instrumento de adhesi\u00f3n al Tratado de Amistad y Cooperaci\u00f3n en el Sudeste Asi\u00e1tico (TAC) para convertirse en el tercer pa\u00eds africano (tras Marruecos y Egipto) y la primera naci\u00f3n subsahariana que se une a ese pacto, brindando oportunidades de cooperaci\u00f3n oficial en diversos sectores con la Asociaci\u00f3n de Naciones del Sudeste Asi\u00e1tico (ASEAN).<\/p>\n\n\n\n<div class=\"wp-block-image\"><figure class=\"alignright is-resized\"><img loading=\"lazy\" src=\"http:\/\/www.namnewsnetwork.org\/es\/wp-content\/uploads\/2020\/11\/Sud\u00e1frica-se-adhiere-al-Tratado-de-Amistad-y-Cooperaci\u00f3n-en-el-Sudeste-Asi\u00e1tico.jpg\" alt=\"\" class=\"wp-image-42989\" width=\"323\" height=\"216\" srcset=\"http:\/\/www.namnewsnetwork.org\/es\/wp-content\/uploads\/2020\/11\/Sud\u00e1frica-se-adhiere-al-Tratado-de-Amistad-y-Cooperaci\u00f3n-en-el-Sudeste-Asi\u00e1tico.jpg 620w, http:\/\/www.namnewsnetwork.org\/es\/wp-content\/uploads\/2020\/11\/Sud\u00e1frica-se-adhiere-al-Tratado-de-Amistad-y-Cooperaci\u00f3n-en-el-Sudeste-Asi\u00e1tico-300x202.jpg 300w, http:\/\/www.namnewsnetwork.org\/es\/wp-content\/uploads\/2020\/11\/Sud\u00e1frica-se-adhiere-al-Tratado-de-Amistad-y-Cooperaci\u00f3n-en-el-Sudeste-Asi\u00e1tico-555x370.jpg 555w, http:\/\/www.namnewsnetwork.org\/es\/wp-content\/uploads\/2020\/11\/Sud\u00e1frica-se-adhiere-al-Tratado-de-Amistad-y-Cooperaci\u00f3n-en-el-Sudeste-Asi\u00e1tico-600x404.jpg 600w\" sizes=\"(max-width: 323px) 100vw, 323px\" \/><figcaption> Foto de ilustraci\u00f3n. (Fuente: VNA) <\/figcaption><\/figure><\/div>\n\n\n\n<p>La ministra de Relaciones Exteriores y Cooperaci\u00f3n Internacional de Sud\u00e1frica, Naledi Pandor, firm\u00f3 el documento, en nombre del gobierno de Pretoria, durante un acto efectuado en forma virtual en Ciudad del Cabo, con la participaci\u00f3n de representantes diplom\u00e1ticos del Comit\u00e9 de ASEAN en esta capital.<\/p>\n\n\n\n<p>Al intervenir en el evento, la canciller sudafricana manifest\u00f3 el agradecimiento al vicepremier y canciller vietnamita por presidir la ceremonia de firma y destac\u00f3 el respaldo de los pa\u00edses miembros de la ASEAN a la adhesi\u00f3n de Sud\u00e1frica al TAC.<\/p>\n\n\n\n<p>Seg\u00fan la diplom\u00e1tica sudafricana, en su primera visita estatal al Sudeste Asi\u00e1tico en 1997, el presidente Nelson Mandela expres\u00f3 su admiraci\u00f3n por los \u00e9xitos de las naciones de la ASEAN, y exterioriz\u00f3 su voluntad de que Sud\u00e1frica en particular y \u00c1frica en general establecieran una relaci\u00f3n m\u00e1s s\u00f3lida con la agrupaci\u00f3n en aras de lograr los objetivos del desarrollo del pa\u00eds.<\/p>\n\n\n\n<p>Durante su visita a los pa\u00edses de ASEAN en 2002, el presidente Thabo Mbeki expres\u00f3 su deseo de que Sud\u00e1frica fuera miembro del TAC, inform\u00f3 Pandor, y al mismo tiempo enfatiz\u00f3 que la incorporaci\u00f3n de Pretoria al mencionado pacto refleja las aspiraciones de su naci\u00f3n de ser parte de la historia sobre el \u00e9xito y logros econ\u00f3micos alcanzados por los pa\u00edses miembros del bloque.<\/p>\n\n\n\n<p>La canciller tambi\u00e9n calific\u00f3 la incorporaci\u00f3n al tratado de hito hist\u00f3rico que formaliza las relaciones entre Sud\u00e1frica y la ASEAN, brindando oportunidades para el crecimiento y la cooperaci\u00f3n, adem\u00e1s de promover la inversi\u00f3n y el desarrollo en materia de infraestructura, educaci\u00f3n y turismo, entre otras esferas.<br>\n&#8212; NNN-VNA<\/p>\n","protected":false},"excerpt":{"rendered":"<p>PRETORIA, 12 de noviembre (NNN-VNA) &#8212; Sud\u00e1frica firm\u00f3 el instrumento de adhesi\u00f3n al Tratado de Amistad y Cooperaci\u00f3n en el Sudeste Asi\u00e1tico (TAC) para convertirse en el tercer pa\u00eds africano (tras Marruecos y Egipto) y la primera naci\u00f3n subsahariana que se une a ese pacto, brindando oportunidades de cooperaci\u00f3n oficial en diversos sectores con la [&hellip;]<\/p>\n","protected":false},"author":2,"featured_media":42990,"comment_status":"closed","ping_status":"closed","sticky":false,"template":"","format":"standard","meta":[],"categories":[217,276,211],"tags":[],"_links":{"self":[{"href":"http:\/\/www.namnewsnetwork.org\/es\/index.php?rest_route=\/wp\/v2\/posts\/42988"}],"collection":[{"href":"http:\/\/www.namnewsnetwork.org\/es\/index.php?rest_route=\/wp\/v2\/posts"}],"about":[{"href":"http:\/\/www.namnewsnetwork.org\/es\/index.php?rest_route=\/wp\/v2\/types\/post"}],"author":[{"embeddable":true,"href":"http:\/\/www.namnewsnetwork.org\/es\/index.php?rest_route=\/wp\/v2\/users\/2"}],"replies":[{"embeddable":true,"href":"http:\/\/www.namnewsnetwork.org\/es\/index.php?rest_route=%2Fwp%2Fv2%2Fcomments&post=42988"}],"version-history":[{"count":1,"href":"http:\/\/www.namnewsnetwork.org\/es\/index.php?rest_route=\/wp\/v2\/posts\/42988\/revisions"}],"predecessor-version":[{"id":42991,"href":"http:\/\/www.namnewsnetwork.org\/es\/index.php?rest_route=\/wp\/v2\/posts\/42988\/revisions\/42991"}],"wp:featuredmedia":[{"embeddable":true,"href":"http:\/\/www.namnewsnetwork.org\/es\/index.php?rest_route=\/wp\/v2\/media\/42990"}],"wp:attachment":[{"href":"http:\/\/www.namnewsnetwork.org\/es\/index.php?rest_route=%2Fwp%2Fv2%2Fmedia&parent=42988"}],"wp:term":[{"taxonomy":"category","embeddable":true,"href":"http:\/\/www.namnewsnetwork.org\/es\/index.php?rest_route=%2Fwp%2Fv2%2Fcategories&post=42988"},{"taxonomy":"post_tag","embeddable":true,"href":"http:\/\/www.namnewsnetwork.org\/es\/index.php?rest_route=%2Fwp%2Fv2%2Ftags&post=42988"}],"curies":[{"name":"wp","href":"https:\/\/api.w.org\/{rel}","templated":true}]}}