{"id":42953,"date":"2020-11-11T14:08:52","date_gmt":"2020-11-11T06:08:52","guid":{"rendered":"http:\/\/www.namnewsnetwork.org\/es\/?p=42953"},"modified":"2020-11-11T12:34:42","modified_gmt":"2020-11-11T04:34:42","slug":"grupo-vinculado-a-daesh-decapita-a-50-civiles-en-mozambique","status":"publish","type":"post","link":"http:\/\/www.namnewsnetwork.org\/es\/?p=42953","title":{"rendered":"Grupo vinculado a Daesh decapita a 50 civiles en Mozambique"},"content":{"rendered":"\n<p>MAPUTO, 11 de noviembre (NNN-AGENCIAS) &#8212; La Polic\u00eda de Mozambique inform\u00f3 que m\u00e1s de 50 civiles fueron decapitados en Cabo Delgado (norte) en varios ataques de un grupo terrorista vinculado a Daesh.<\/p>\n\n\n\n<p>El comandante general de la Polic\u00eda de Mozambique, Bernardino Rafael, dio a conocer el lunes, en una rueda de prensa, que hombres armados relacionados con Daesh irrumpieron en los \u00faltimos tres d\u00edas en varias aldeas, entre ellas Mualtide y Nanjaba, y mataron a civiles, secuestraron mujeres y ni\u00f1os, e incendiaron varias viviendas.&nbsp;<\/p>\n\n\n\n<p>\u201cQuemaron casas y fueron detr\u00e1s de la poblaci\u00f3n, que huy\u00f3 hacia los bosques, tras lo cual dieron inicio a acciones macabras\u201d, declar\u00f3 el jefe policial, que agreg\u00f3 tambi\u00e9n que todav\u00eda se registran actos violentos en la zona.<\/p>\n\n\n\n<p>Seg\u00fan recogen algunos medios, citando a varios testigos, los terroristas llevaron a los residentes a un campo de f\u00fatbol en la localidad de Mualtide y los ejecutaron.&nbsp;<\/p>\n\n\n\n<p>El grupo atacante es conocido localmente como Al-Shabab, pero sin v\u00ednculos establecidos con la banda que opera con el mismo nombre en Somalia, y se cree que est\u00e1 afiliado a la organizaci\u00f3n terrorista takfir\u00ed Daesh desde 2017.<\/p>\n\n\n\n<p>En abril, varios atacantes mataron a tiros y decapitaron a m\u00e1s de 50 j\u00f3venes por presuntamente negarse a unirse a sus filas.<\/p>\n\n\n\n<p>Destacar que Cabo Delgado alberga un proyecto multimillonario de gas natural licuado de la multinacional francesa Total.<br>&#8212; NNN-AGENCIAS<\/p>\n","protected":false},"excerpt":{"rendered":"<p>MAPUTO, 11 de noviembre (NNN-AGENCIAS) &#8212; La Polic\u00eda de Mozambique inform\u00f3 que m\u00e1s de 50 civiles fueron decapitados en Cabo Delgado (norte) en varios ataques de un grupo terrorista vinculado a Daesh. El comandante general de la Polic\u00eda de Mozambique, Bernardino Rafael, dio a conocer el lunes, en una rueda de prensa, que hombres armados [&hellip;]<\/p>\n","protected":false},"author":2,"featured_media":42956,"comment_status":"closed","ping_status":"closed","sticky":false,"template":"","format":"standard","meta":[],"categories":[217,276,211],"tags":[],"_links":{"self":[{"href":"http:\/\/www.namnewsnetwork.org\/es\/index.php?rest_route=\/wp\/v2\/posts\/42953"}],"collection":[{"href":"http:\/\/www.namnewsnetwork.org\/es\/index.php?rest_route=\/wp\/v2\/posts"}],"about":[{"href":"http:\/\/www.namnewsnetwork.org\/es\/index.php?rest_route=\/wp\/v2\/types\/post"}],"author":[{"embeddable":true,"href":"http:\/\/www.namnewsnetwork.org\/es\/index.php?rest_route=\/wp\/v2\/users\/2"}],"replies":[{"embeddable":true,"href":"http:\/\/www.namnewsnetwork.org\/es\/index.php?rest_route=%2Fwp%2Fv2%2Fcomments&post=42953"}],"version-history":[{"count":1,"href":"http:\/\/www.namnewsnetwork.org\/es\/index.php?rest_route=\/wp\/v2\/posts\/42953\/revisions"}],"predecessor-version":[{"id":42957,"href":"http:\/\/www.namnewsnetwork.org\/es\/index.php?rest_route=\/wp\/v2\/posts\/42953\/revisions\/42957"}],"wp:featuredmedia":[{"embeddable":true,"href":"http:\/\/www.namnewsnetwork.org\/es\/index.php?rest_route=\/wp\/v2\/media\/42956"}],"wp:attachment":[{"href":"http:\/\/www.namnewsnetwork.org\/es\/index.php?rest_route=%2Fwp%2Fv2%2Fmedia&parent=42953"}],"wp:term":[{"taxonomy":"category","embeddable":true,"href":"http:\/\/www.namnewsnetwork.org\/es\/index.php?rest_route=%2Fwp%2Fv2%2Fcategories&post=42953"},{"taxonomy":"post_tag","embeddable":true,"href":"http:\/\/www.namnewsnetwork.org\/es\/index.php?rest_route=%2Fwp%2Fv2%2Ftags&post=42953"}],"curies":[{"name":"wp","href":"https:\/\/api.w.org\/{rel}","templated":true}]}}