{"id":42873,"date":"2020-11-10T13:21:41","date_gmt":"2020-11-10T05:21:41","guid":{"rendered":"http:\/\/www.namnewsnetwork.org\/es\/?p=42873"},"modified":"2020-11-10T13:21:44","modified_gmt":"2020-11-10T05:21:44","slug":"certifican-en-costa-de-marfil-victoria-electoral-de-ouattara","status":"publish","type":"post","link":"http:\/\/www.namnewsnetwork.org\/es\/?p=42873","title":{"rendered":"Certifican en Costa de Marfil victoria electoral de Ouattara"},"content":{"rendered":"\n<p>ABIJAN, 10 de noviembre (NNN-PRENSA LATINA) &#8212; El presidente de Costa de Marfil, Alassane Ouattara, tiene el camino abierto desde el lunes para un tercer mandato consecutivo, tras la confirmaci\u00f3n del Consejo Constitucional (CC) de su victoria en las elecciones del pasado 31 de octubre.<\/p>\n\n\n\n<div class=\"wp-block-image\"><figure class=\"alignright is-resized\"><img loading=\"lazy\" src=\"http:\/\/www.namnewsnetwork.org\/es\/wp-content\/uploads\/2020\/11\/Certifican-en-Costa-de-Marfil-victoria-electoral-de-Ouattara.jpg\" alt=\"\" class=\"wp-image-42881\" width=\"241\" height=\"241\" srcset=\"http:\/\/www.namnewsnetwork.org\/es\/wp-content\/uploads\/2020\/11\/Certifican-en-Costa-de-Marfil-victoria-electoral-de-Ouattara.jpg 240w, http:\/\/www.namnewsnetwork.org\/es\/wp-content\/uploads\/2020\/11\/Certifican-en-Costa-de-Marfil-victoria-electoral-de-Ouattara-150x150.jpg 150w, http:\/\/www.namnewsnetwork.org\/es\/wp-content\/uploads\/2020\/11\/Certifican-en-Costa-de-Marfil-victoria-electoral-de-Ouattara-100x100.jpg 100w\" sizes=\"(max-width: 241px) 100vw, 241px\" \/><figcaption> Foto: creativecommons.org <\/figcaption><\/figure><\/div>\n\n\n\n<p>La declaraci\u00f3n del \u00f3rgano asegura que el mandatario obtuvo el 94,27 de los votos v\u00e1lidos emitidos en los comicios, boicoteados por la oposici\u00f3n encabezada por los aspirantes Henri Konan Bedi\u00e9 y Pascal Affi N\u00b4guessan, los cuales aseguran que la consulta estuvo plagada por el fraude.<\/p>\n\n\n\n<p>Seg\u00fan las precisiones del CC en la votaci\u00f3n particip\u00f3 el 53,9 de los electores habilitados en unas elecciones marcadas por la exhortaci\u00f3n de la oposici\u00f3n a sus seguidores a protestar en las calles y a iniciar una campa\u00f1a de resistencia pasiva.<\/p>\n\n\n\n<p>Entre los reclamos de los adversarios de Ouattara est\u00e1 la ilegalidad de su postulaci\u00f3n, contraria a la Constitucional marfile\u00f1a, alegaci\u00f3n desmentida por el ente constitucional, cuyo presidente, Mamadou Kon\u00e9, record\u00f3 que una enmienda a la carta magna en 2016 elimin\u00f3 los anteriores mandatos del reci\u00e9n reelecto presidente.<br>&#8212; NNN-PRENSA LATINA<\/p>\n","protected":false},"excerpt":{"rendered":"<p>ABIJAN, 10 de noviembre (NNN-PRENSA LATINA) &#8212; El presidente de Costa de Marfil, Alassane Ouattara, tiene el camino abierto desde el lunes para un tercer mandato consecutivo, tras la confirmaci\u00f3n del Consejo Constitucional (CC) de su victoria en las elecciones del pasado 31 de octubre. La declaraci\u00f3n del \u00f3rgano asegura que el mandatario obtuvo el [&hellip;]<\/p>\n","protected":false},"author":2,"featured_media":42881,"comment_status":"closed","ping_status":"closed","sticky":false,"template":"","format":"standard","meta":[],"categories":[217,276,211],"tags":[],"_links":{"self":[{"href":"http:\/\/www.namnewsnetwork.org\/es\/index.php?rest_route=\/wp\/v2\/posts\/42873"}],"collection":[{"href":"http:\/\/www.namnewsnetwork.org\/es\/index.php?rest_route=\/wp\/v2\/posts"}],"about":[{"href":"http:\/\/www.namnewsnetwork.org\/es\/index.php?rest_route=\/wp\/v2\/types\/post"}],"author":[{"embeddable":true,"href":"http:\/\/www.namnewsnetwork.org\/es\/index.php?rest_route=\/wp\/v2\/users\/2"}],"replies":[{"embeddable":true,"href":"http:\/\/www.namnewsnetwork.org\/es\/index.php?rest_route=%2Fwp%2Fv2%2Fcomments&post=42873"}],"version-history":[{"count":1,"href":"http:\/\/www.namnewsnetwork.org\/es\/index.php?rest_route=\/wp\/v2\/posts\/42873\/revisions"}],"predecessor-version":[{"id":42882,"href":"http:\/\/www.namnewsnetwork.org\/es\/index.php?rest_route=\/wp\/v2\/posts\/42873\/revisions\/42882"}],"wp:featuredmedia":[{"embeddable":true,"href":"http:\/\/www.namnewsnetwork.org\/es\/index.php?rest_route=\/wp\/v2\/media\/42881"}],"wp:attachment":[{"href":"http:\/\/www.namnewsnetwork.org\/es\/index.php?rest_route=%2Fwp%2Fv2%2Fmedia&parent=42873"}],"wp:term":[{"taxonomy":"category","embeddable":true,"href":"http:\/\/www.namnewsnetwork.org\/es\/index.php?rest_route=%2Fwp%2Fv2%2Fcategories&post=42873"},{"taxonomy":"post_tag","embeddable":true,"href":"http:\/\/www.namnewsnetwork.org\/es\/index.php?rest_route=%2Fwp%2Fv2%2Ftags&post=42873"}],"curies":[{"name":"wp","href":"https:\/\/api.w.org\/{rel}","templated":true}]}}