{"id":42763,"date":"2020-11-08T23:13:55","date_gmt":"2020-11-08T15:13:55","guid":{"rendered":"http:\/\/www.namnewsnetwork.org\/es\/?p=42763"},"modified":"2020-11-08T23:13:57","modified_gmt":"2020-11-08T15:13:57","slug":"disminuyen-casos-activos-de-covid-19-en-sudafrica","status":"publish","type":"post","link":"http:\/\/www.namnewsnetwork.org\/es\/?p=42763","title":{"rendered":"Disminuyen casos activos de COVID-19 en Sud\u00e1frica"},"content":{"rendered":"\n<p>PRETORIA, 8 de noviembre (NNN-PRENSA LATINA) &#8212; El n\u00famero de pacientes activos de COVID-19 en Sud\u00e1frica es el domingo de 37 mil 379, lo cual representa el 5,5 por ciento de los casos totales, inform\u00f3 el Ministerio de Salud del pa\u00eds.<\/p>\n\n\n\n<p>Acorde con el comunicado de esa cartera, ello representa una baja considerable respecto a la media diaria reportada de unos 50 mil casos activos informados durante los \u00faltimos tres meses.<\/p>\n\n\n\n<p>De los enfermos actualmente bajo tratamiento, hay 546 considerados como cr\u00edticos, por lo cual son atendidos en Unidades de Cuidados Intensivos.<\/p>\n\n\n\n<p>Al d\u00eda de hoy, a\u00f1ade el reporte, el n\u00famero acumulado de casos de la enfermedad detectados es de 735 mil 906, de los cuales mil 731 fueron identificados durante las \u00faltimas 24 horas.<\/p>\n\n\n\n<p>Por otra parte, seg\u00fan el texto, en ese periodo se comunic\u00f3 el deceso de otras 40 personas a causa de la pandemia.<\/p>\n\n\n\n<p>Sin embargo, la cifra acumulada de recuperaciones es ahora de 678 mil 738, lo que se traduce en una tasa de curaci\u00f3n del 92,2 por ciento, una de las m\u00e1s altas del mundo.<\/p>\n\n\n\n<p>Ello implica un bajo \u00edndice de mortalidad del 2,7 por ciento del total de casos, a\u00f1ade la nota.<br>\n&#8212; NNN-PRENSA LATINA<\/p>\n","protected":false},"excerpt":{"rendered":"<p>PRETORIA, 8 de noviembre (NNN-PRENSA LATINA) &#8212; El n\u00famero de pacientes activos de COVID-19 en Sud\u00e1frica es el domingo de 37 mil 379, lo cual representa el 5,5 por ciento de los casos totales, inform\u00f3 el Ministerio de Salud del pa\u00eds. Acorde con el comunicado de esa cartera, ello representa una baja considerable respecto a [&hellip;]<\/p>\n","protected":false},"author":2,"featured_media":42767,"comment_status":"closed","ping_status":"closed","sticky":false,"template":"","format":"standard","meta":[],"categories":[217,276,211,198],"tags":[],"_links":{"self":[{"href":"http:\/\/www.namnewsnetwork.org\/es\/index.php?rest_route=\/wp\/v2\/posts\/42763"}],"collection":[{"href":"http:\/\/www.namnewsnetwork.org\/es\/index.php?rest_route=\/wp\/v2\/posts"}],"about":[{"href":"http:\/\/www.namnewsnetwork.org\/es\/index.php?rest_route=\/wp\/v2\/types\/post"}],"author":[{"embeddable":true,"href":"http:\/\/www.namnewsnetwork.org\/es\/index.php?rest_route=\/wp\/v2\/users\/2"}],"replies":[{"embeddable":true,"href":"http:\/\/www.namnewsnetwork.org\/es\/index.php?rest_route=%2Fwp%2Fv2%2Fcomments&post=42763"}],"version-history":[{"count":1,"href":"http:\/\/www.namnewsnetwork.org\/es\/index.php?rest_route=\/wp\/v2\/posts\/42763\/revisions"}],"predecessor-version":[{"id":42768,"href":"http:\/\/www.namnewsnetwork.org\/es\/index.php?rest_route=\/wp\/v2\/posts\/42763\/revisions\/42768"}],"wp:featuredmedia":[{"embeddable":true,"href":"http:\/\/www.namnewsnetwork.org\/es\/index.php?rest_route=\/wp\/v2\/media\/42767"}],"wp:attachment":[{"href":"http:\/\/www.namnewsnetwork.org\/es\/index.php?rest_route=%2Fwp%2Fv2%2Fmedia&parent=42763"}],"wp:term":[{"taxonomy":"category","embeddable":true,"href":"http:\/\/www.namnewsnetwork.org\/es\/index.php?rest_route=%2Fwp%2Fv2%2Fcategories&post=42763"},{"taxonomy":"post_tag","embeddable":true,"href":"http:\/\/www.namnewsnetwork.org\/es\/index.php?rest_route=%2Fwp%2Fv2%2Ftags&post=42763"}],"curies":[{"name":"wp","href":"https:\/\/api.w.org\/{rel}","templated":true}]}}