{"id":42700,"date":"2020-11-07T22:38:27","date_gmt":"2020-11-07T14:38:27","guid":{"rendered":"http:\/\/www.namnewsnetwork.org\/es\/?p=42700"},"modified":"2020-11-07T22:38:28","modified_gmt":"2020-11-07T14:38:28","slug":"evaluan-situacion-en-region-africana-de-los-grandes-lagos","status":"publish","type":"post","link":"http:\/\/www.namnewsnetwork.org\/es\/?p=42700","title":{"rendered":"Eval\u00faan situaci\u00f3n en regi\u00f3n africana de los grandes lagos"},"content":{"rendered":"\n<p>LUANDA, 7 de noviembre (NNN-PRENSA LATINA) &#8212; Representantes de pa\u00edses africanos eval\u00faan el s\u00e1bado la situaci\u00f3n en la zona de los grandes lagos, sujeta a tensiones pol\u00edticas que amenazan la paz y la estabilidad en el continente.<\/p>\n\n\n\n<p>Seg\u00fan inform\u00f3 aqu\u00ed el Ministerio de Relaciones Exteriores (Minrex), la delegaci\u00f3n angole\u00f1a al evento, que sesiona mediante videoconferencia, est\u00e1 encabezada por el canciller T\u00e9te Ant\u00f3nio.<\/p>\n\n\n\n<p>La reuni\u00f3n del Comit\u00e9 Regional Interministerial de la Secretar\u00eda de la Conferencia Internacional de la Regi\u00f3n de los Grandes Lagos (Cirgl) estuvo antecedida por un encuentro de los coordinadores nacionales, celebrado el viernes tambi\u00e9n de forma virtual debido a la COVID-19.<\/p>\n\n\n\n<p>En d\u00edas recientes, las m\u00e1ximas autoridades del gobierno recibieron en esta capital al enviado especial del secretario general de la Organizaci\u00f3n de las Naciones Unidas (ONU) para la regi\u00f3n africana de los grandes lagos, Huang Xia.<\/p>\n\n\n\n<p>Al decir del funcionario de ONU, hay mejoras en cuanto a la reducci\u00f3n de tensiones pol\u00edticas, pero es preciso reforzar la cooperaci\u00f3n en aras del desarrollo y la integraci\u00f3n subregional.<\/p>\n\n\n\n<p>Aunque el \u00e1rea experimenta una relativa tranquilidad, persisten importantes focos de tensi\u00f3n, cuya continuidad amenaza la paz y la estabilidad, coincidi\u00f3 entonces la Canciller\u00eda angole\u00f1a.<\/p>\n\n\n\n<p>El apoyo de los socios nacionales, regionales e internacionales contribuy\u00f3 a incrementar la cultura del di\u00e1logo y la consulta, la confianza entre las \u00e9lites de la regi\u00f3n, el compromiso con los procesos democr\u00e1ticos e inclusivos y el empleo de los mecanismos multilaterales de resoluci\u00f3n de disputas, precis\u00f3 el an\u00e1lisis.<\/p>\n\n\n\n<p>Ese compromiso logr\u00f3 expresi\u00f3n concreta en la formaci\u00f3n del nuevo gobierno de transici\u00f3n en Sud\u00e1n del Sur en febrero de 2020, basado en el Acuerdo Revitalizado para la Resoluci\u00f3n de Conflictos en el pa\u00eds, suscrito en 2018.<\/p>\n\n\n\n<p>De igual modo sobresali\u00f3 la celebraci\u00f3n de comicios presidenciales, municipales y legislativos en Burundi en mayo de este a\u00f1o y la previsi\u00f3n de sufragios en la Rep\u00fablica Centroafricana (RCA), fijados para fines del pr\u00f3ximo mes de diciembre.<\/p>\n\n\n\n<p>No obstante, alert\u00f3 el texto, la situaci\u00f3n de seguridad contin\u00faa inestable en el este de Rep\u00fablica Democr\u00e1tica del Congo (RDC), con fuerzas negativas y grupos armados, tanto locales como extranjeros, activos en diversas zonas de las provincias de Kivu del Norte, Kivu del Sur, Ituri, Tanganica y Maniema.<\/p>\n\n\n\n<p>Tambi\u00e9n preocupa la aparici\u00f3n de ataques armados en algunas partes del norte, noreste, oeste, centro-este y este de la RCA, indic\u00f3 el pronunciamiento, que lament\u00f3 igualmente la continuidad del conflicto con acciones militares en \u00e1reas de Sud\u00e1n del Sur.<\/p>\n\n\n\n<p>La Cirgl est\u00e1 integrada por Angola, Burundi, Congo, Kenya, Rep\u00fablica Centroafricana, Rep\u00fablica Democr\u00e1tica del Congo, Ruanda, Sud\u00e1n, Sud\u00e1n del Sur, Tanzania, Uganda y Zambia.<br>\n&#8212; NNN-PRENSA LATINA<\/p>\n","protected":false},"excerpt":{"rendered":"<p>LUANDA, 7 de noviembre (NNN-PRENSA LATINA) &#8212; Representantes de pa\u00edses africanos eval\u00faan el s\u00e1bado la situaci\u00f3n en la zona de los grandes lagos, sujeta a tensiones pol\u00edticas que amenazan la paz y la estabilidad en el continente. Seg\u00fan inform\u00f3 aqu\u00ed el Ministerio de Relaciones Exteriores (Minrex), la delegaci\u00f3n angole\u00f1a al evento, que sesiona mediante videoconferencia, [&hellip;]<\/p>\n","protected":false},"author":2,"featured_media":42707,"comment_status":"closed","ping_status":"closed","sticky":false,"template":"","format":"standard","meta":[],"categories":[217,276,211],"tags":[],"_links":{"self":[{"href":"http:\/\/www.namnewsnetwork.org\/es\/index.php?rest_route=\/wp\/v2\/posts\/42700"}],"collection":[{"href":"http:\/\/www.namnewsnetwork.org\/es\/index.php?rest_route=\/wp\/v2\/posts"}],"about":[{"href":"http:\/\/www.namnewsnetwork.org\/es\/index.php?rest_route=\/wp\/v2\/types\/post"}],"author":[{"embeddable":true,"href":"http:\/\/www.namnewsnetwork.org\/es\/index.php?rest_route=\/wp\/v2\/users\/2"}],"replies":[{"embeddable":true,"href":"http:\/\/www.namnewsnetwork.org\/es\/index.php?rest_route=%2Fwp%2Fv2%2Fcomments&post=42700"}],"version-history":[{"count":1,"href":"http:\/\/www.namnewsnetwork.org\/es\/index.php?rest_route=\/wp\/v2\/posts\/42700\/revisions"}],"predecessor-version":[{"id":42708,"href":"http:\/\/www.namnewsnetwork.org\/es\/index.php?rest_route=\/wp\/v2\/posts\/42700\/revisions\/42708"}],"wp:featuredmedia":[{"embeddable":true,"href":"http:\/\/www.namnewsnetwork.org\/es\/index.php?rest_route=\/wp\/v2\/media\/42707"}],"wp:attachment":[{"href":"http:\/\/www.namnewsnetwork.org\/es\/index.php?rest_route=%2Fwp%2Fv2%2Fmedia&parent=42700"}],"wp:term":[{"taxonomy":"category","embeddable":true,"href":"http:\/\/www.namnewsnetwork.org\/es\/index.php?rest_route=%2Fwp%2Fv2%2Fcategories&post=42700"},{"taxonomy":"post_tag","embeddable":true,"href":"http:\/\/www.namnewsnetwork.org\/es\/index.php?rest_route=%2Fwp%2Fv2%2Ftags&post=42700"}],"curies":[{"name":"wp","href":"https:\/\/api.w.org\/{rel}","templated":true}]}}