{"id":42593,"date":"2020-11-05T14:08:04","date_gmt":"2020-11-05T06:08:04","guid":{"rendered":"http:\/\/www.namnewsnetwork.org\/es\/?p=42593"},"modified":"2020-11-05T14:08:08","modified_gmt":"2020-11-05T06:08:08","slug":"comite-militar-conjunto-de-libia-llega-a-un-acuerdo-sobre-un-alto-el-fuego-permanente","status":"publish","type":"post","link":"http:\/\/www.namnewsnetwork.org\/es\/?p=42593","title":{"rendered":"Comit\u00e9 Militar Conjunto de Libia llega a un acuerdo sobre un alto el fuego permanente"},"content":{"rendered":"\n<p>TR\u00cdPOLI, 5 de noviembre (NNN-AGENCIAS) &#8212; El Comit\u00e9 Militar Conjunto de Libia concluy\u00f3 sus reuniones en el marco de la quinta ronda de conversaciones en la noche del martes, en la ciudad de Ghadames, en presencia de la representante especial en funciones del Secretario General de la ONU para Libia, Stephanie Williams.<\/p>\n\n\n\n<p>A lo largo de dos d\u00edas, las discusiones se centraron en los mecanismos para implementar el acuerdo de alto el fuego permanente, incluido el establecimiento de subcomit\u00e9s, as\u00ed como los mecanismos para monitorear y vigilar el alto el fuego y sus lugares de trabajo.&nbsp;<\/p>\n\n\n\n<p>En su primera reuni\u00f3n en Libia, el Comit\u00e9 Militar Conjunto alcanz\u00f3 una serie de recomendaciones importantes con respecto a los pr\u00f3ximos arreglos, incluida la solicitud del Consejo de Seguridad de la ONU de acelerar la emisi\u00f3n de una resoluci\u00f3n vinculante para implementar las disposiciones del acuerdo de alto el fuego firmado en Ginebra el 23 de octubre de 2020. &nbsp;<\/p>\n\n\n\n<p>Los t\u00e9rminos m\u00e1s destacados del acuerdo del Comit\u00e9 Militar Conjunto son: &nbsp;<\/p>\n\n\n\n<p>1- Se form\u00f3 un subcomit\u00e9 militar para supervisar el regreso de las fuerzas a sus sedes y la retirada de las fuerzas extranjeras del frente. Este comit\u00e9 celebrar\u00e1 su primera reuni\u00f3n en Sirte, con la asistencia del Comit\u00e9 5 + 5, en un futuro pr\u00f3ximo con la presencia de la misi\u00f3n de la ONU.&nbsp;<\/p>\n\n\n\n<p>2- El Comit\u00e9 Militar 5 + 5 acord\u00f3 reunirse en Sirte lo antes posible durante este mes.&nbsp;<\/p>\n\n\n\n<p>3- El Comit\u00e9 acord\u00f3 medidas para el sistema de seguimiento, incluidos los observadores internacionales. &nbsp;<\/p>\n\n\n\n<p>4- Se ha determinado la labor del comit\u00e9 conjunto de seguridad en el establecimiento de medidas de seguridad en la zona determinada. &nbsp;<\/p>\n\n\n\n<p>5- El Comit\u00e9 Militar 5 + 5 decidi\u00f3 tener su sede en el complejo de salas de Uagadug\u00fa en la ciudad de Sirte.&nbsp;<\/p>\n\n\n\n<p>6- El Comit\u00e9 Militar 5 + 5 decidi\u00f3 que la sede del Subcomit\u00e9 de Medidas de Seguridad estar\u00eda ubicada en Hun y Sirte. &nbsp;<\/p>\n\n\n\n<p>7- La primera reuni\u00f3n para unificar la Guardia de Instalaciones Petroleras se realizar\u00e1 el 16 de noviembre en la ciudad de Brega, con la presencia del comandante de la Guardia de Instalaciones Petroleras, el director de la Corporaci\u00f3n Nacional de Petr\u00f3leo y la misi\u00f3n de la ONU, y su trabajo ser\u00e1 remetido al Comit\u00e9 5 + 5. &nbsp;<\/p>\n\n\n\n<p>8- El Subcomit\u00e9 de Intercambio de Detenidos seguir\u00e1 funcionando hasta que se complete el archivo.&nbsp;<\/p>\n\n\n\n<p>9- Se acord\u00f3 formar equipos de ingenieros para la remoci\u00f3n de minas, en cooperaci\u00f3n con el equipo de las Naciones Unidas y el Servicio General de Inteligencia.&nbsp;<\/p>\n\n\n\n<p>10- Trabajo inmediato para abrir vuelos peri\u00f3dicos a Sebha y Ghadames, con r\u00e1pida rehabilitaci\u00f3n de los aeropuertos, seg\u00fan sea necesario.&nbsp;<\/p>\n\n\n\n<p>11- El Comit\u00e9 Militar 5 + 5, especializado en el seguimiento y la lucha contra la incitaci\u00f3n al odio, estar\u00e1 formado por especialistas, en colaboraci\u00f3n con la misi\u00f3n de la ONU, y tendr\u00e1 un car\u00e1cter civil.<\/p>\n\n\n\n<p>12- El Comit\u00e9 Militar 5 + 5 pide al Consejo de Seguridad que acelere la emisi\u00f3n de una resoluci\u00f3n &nbsp;vinculante para implementar las disposiciones del Acuerdo de Ginebra firmado el 23 de octubre de &nbsp; 2020.<br>&#8212; NNN-AGENCIAS<\/p>\n","protected":false},"excerpt":{"rendered":"<p>TR\u00cdPOLI, 5 de noviembre (NNN-AGENCIAS) &#8212; El Comit\u00e9 Militar Conjunto de Libia concluy\u00f3 sus reuniones en el marco de la quinta ronda de conversaciones en la noche del martes, en la ciudad de Ghadames, en presencia de la representante especial en funciones del Secretario General de la ONU para Libia, Stephanie Williams. A lo largo [&hellip;]<\/p>\n","protected":false},"author":2,"featured_media":42604,"comment_status":"closed","ping_status":"closed","sticky":false,"template":"","format":"standard","meta":[],"categories":[217,276,211],"tags":[],"_links":{"self":[{"href":"http:\/\/www.namnewsnetwork.org\/es\/index.php?rest_route=\/wp\/v2\/posts\/42593"}],"collection":[{"href":"http:\/\/www.namnewsnetwork.org\/es\/index.php?rest_route=\/wp\/v2\/posts"}],"about":[{"href":"http:\/\/www.namnewsnetwork.org\/es\/index.php?rest_route=\/wp\/v2\/types\/post"}],"author":[{"embeddable":true,"href":"http:\/\/www.namnewsnetwork.org\/es\/index.php?rest_route=\/wp\/v2\/users\/2"}],"replies":[{"embeddable":true,"href":"http:\/\/www.namnewsnetwork.org\/es\/index.php?rest_route=%2Fwp%2Fv2%2Fcomments&post=42593"}],"version-history":[{"count":1,"href":"http:\/\/www.namnewsnetwork.org\/es\/index.php?rest_route=\/wp\/v2\/posts\/42593\/revisions"}],"predecessor-version":[{"id":42605,"href":"http:\/\/www.namnewsnetwork.org\/es\/index.php?rest_route=\/wp\/v2\/posts\/42593\/revisions\/42605"}],"wp:featuredmedia":[{"embeddable":true,"href":"http:\/\/www.namnewsnetwork.org\/es\/index.php?rest_route=\/wp\/v2\/media\/42604"}],"wp:attachment":[{"href":"http:\/\/www.namnewsnetwork.org\/es\/index.php?rest_route=%2Fwp%2Fv2%2Fmedia&parent=42593"}],"wp:term":[{"taxonomy":"category","embeddable":true,"href":"http:\/\/www.namnewsnetwork.org\/es\/index.php?rest_route=%2Fwp%2Fv2%2Fcategories&post=42593"},{"taxonomy":"post_tag","embeddable":true,"href":"http:\/\/www.namnewsnetwork.org\/es\/index.php?rest_route=%2Fwp%2Fv2%2Ftags&post=42593"}],"curies":[{"name":"wp","href":"https:\/\/api.w.org\/{rel}","templated":true}]}}