{"id":42504,"date":"2020-11-03T14:00:48","date_gmt":"2020-11-03T06:00:48","guid":{"rendered":"http:\/\/www.namnewsnetwork.org\/es\/?p=42504"},"modified":"2020-11-03T14:00:53","modified_gmt":"2020-11-03T06:00:53","slug":"mueren-12-civiles-en-nigeria-por-ataque-de-grupo-radical","status":"publish","type":"post","link":"http:\/\/www.namnewsnetwork.org\/es\/?p=42504","title":{"rendered":"Mueren 12 civiles en Nigeria por ataque de grupo radical"},"content":{"rendered":"\n<p>ABUYA, 3 de noviembre (NNN-PRENSA LATINA) &#8212; Al menos 12 civiles resultaron muertos y otros siete secuestrados en las cercan\u00edas de la norte\u00f1a ciudad nigeriana de Chibok en un ataque del grupo isl\u00e1mico Boko Haram, informaron el lunes fuentes progubernamentales.<\/p>\n\n\n\n<p>Abwako Kabu, m\u00e1ximo jefe de una milicia que respalda al ejecutivo, comunic\u00f3 que tras las acciones en el estado de Borno los insurgentes prendieron fuego a m\u00e1s de 70 casas.<\/p>\n\n\n\n<p>La fuente tambi\u00e9n precis\u00f3 que los asaltantes, los cuales partieron en camionetas desde las \u00e1reas boscosas de Sambisa para cometer sus fechor\u00edas, tambi\u00e9n robaron alimentos a los residentes de Chibob y otras demarcaciones aleda\u00f1as.<\/p>\n\n\n\n<p>Chibob fue escenario tambi\u00e9n en abril de 2014 del rapto por el grupo de m\u00e1s de 270 ni\u00f1as en edad escolar, muchas de ellas a\u00fan desaparecidas, seg\u00fan autoridades de este pa\u00eds, el m\u00e1s poblado de \u00c1frica con unos 200 millones de habitantes.<\/p>\n\n\n\n<p>En Nigeria, sobre todo en zonas del norte, las fuerzas gubernamentales combaten desde marzo \u00faltimo a agrupaciones de bandidos y Boko Haram, las cuales cometen actos violentos contra civiles, muchos de ellos obligados a huir de sus lugares de origen.<br>\n&#8212; NNN-PRENSA LATINA<\/p>\n","protected":false},"excerpt":{"rendered":"<p>ABUYA, 3 de noviembre (NNN-PRENSA LATINA) &#8212; Al menos 12 civiles resultaron muertos y otros siete secuestrados en las cercan\u00edas de la norte\u00f1a ciudad nigeriana de Chibok en un ataque del grupo isl\u00e1mico Boko Haram, informaron el lunes fuentes progubernamentales. Abwako Kabu, m\u00e1ximo jefe de una milicia que respalda al ejecutivo, comunic\u00f3 que tras las [&hellip;]<\/p>\n","protected":false},"author":2,"featured_media":22371,"comment_status":"closed","ping_status":"closed","sticky":false,"template":"","format":"standard","meta":[],"categories":[217,276,211],"tags":[],"_links":{"self":[{"href":"http:\/\/www.namnewsnetwork.org\/es\/index.php?rest_route=\/wp\/v2\/posts\/42504"}],"collection":[{"href":"http:\/\/www.namnewsnetwork.org\/es\/index.php?rest_route=\/wp\/v2\/posts"}],"about":[{"href":"http:\/\/www.namnewsnetwork.org\/es\/index.php?rest_route=\/wp\/v2\/types\/post"}],"author":[{"embeddable":true,"href":"http:\/\/www.namnewsnetwork.org\/es\/index.php?rest_route=\/wp\/v2\/users\/2"}],"replies":[{"embeddable":true,"href":"http:\/\/www.namnewsnetwork.org\/es\/index.php?rest_route=%2Fwp%2Fv2%2Fcomments&post=42504"}],"version-history":[{"count":1,"href":"http:\/\/www.namnewsnetwork.org\/es\/index.php?rest_route=\/wp\/v2\/posts\/42504\/revisions"}],"predecessor-version":[{"id":42513,"href":"http:\/\/www.namnewsnetwork.org\/es\/index.php?rest_route=\/wp\/v2\/posts\/42504\/revisions\/42513"}],"wp:featuredmedia":[{"embeddable":true,"href":"http:\/\/www.namnewsnetwork.org\/es\/index.php?rest_route=\/wp\/v2\/media\/22371"}],"wp:attachment":[{"href":"http:\/\/www.namnewsnetwork.org\/es\/index.php?rest_route=%2Fwp%2Fv2%2Fmedia&parent=42504"}],"wp:term":[{"taxonomy":"category","embeddable":true,"href":"http:\/\/www.namnewsnetwork.org\/es\/index.php?rest_route=%2Fwp%2Fv2%2Fcategories&post=42504"},{"taxonomy":"post_tag","embeddable":true,"href":"http:\/\/www.namnewsnetwork.org\/es\/index.php?rest_route=%2Fwp%2Fv2%2Ftags&post=42504"}],"curies":[{"name":"wp","href":"https:\/\/api.w.org\/{rel}","templated":true}]}}