{"id":42436,"date":"2020-11-02T13:33:03","date_gmt":"2020-11-02T05:33:03","guid":{"rendered":"http:\/\/www.namnewsnetwork.org\/es\/?p=42436"},"modified":"2020-11-02T13:33:05","modified_gmt":"2020-11-02T05:33:05","slug":"argelinos-votan-sobre-las-reformas-a-la-constitucion","status":"publish","type":"post","link":"http:\/\/www.namnewsnetwork.org\/es\/?p=42436","title":{"rendered":"Argelinos votan sobre las reformas a la Constituci\u00f3n"},"content":{"rendered":"\n<p>ARGEL, 2 de noviembre (NNN-TELESUR) &#8212; La Autoridad Nacional Independiente de las Elecciones (ANIE) de Argelia inform\u00f3 que el domingo m\u00e1s de 25 millones de argelinos est\u00e1n convocados para votar una propuesta de reforma de la Constituci\u00f3n, en un contexto de pandemia de la COVID-19 e inquietud por el estado de salud del presidente, Abdelmedjid Tebboune, quien fuera trasladado el pasado jueves de urgencia a Alemania.<\/p>\n\n\n\n<div class=\"wp-block-image\"><figure class=\"aligncenter\"><img loading=\"lazy\" width=\"600\" height=\"338\" src=\"http:\/\/www.namnewsnetwork.org\/es\/wp-content\/uploads\/2020\/11\/Argelinos-votan-sobre-las-reformas-a-la-Constituci\u00f3n.jpg\" alt=\"\" class=\"wp-image-42446\" srcset=\"http:\/\/www.namnewsnetwork.org\/es\/wp-content\/uploads\/2020\/11\/Argelinos-votan-sobre-las-reformas-a-la-Constituci\u00f3n.jpg 600w, http:\/\/www.namnewsnetwork.org\/es\/wp-content\/uploads\/2020\/11\/Argelinos-votan-sobre-las-reformas-a-la-Constituci\u00f3n-300x169.jpg 300w, http:\/\/www.namnewsnetwork.org\/es\/wp-content\/uploads\/2020\/11\/Argelinos-votan-sobre-las-reformas-a-la-Constituci\u00f3n-598x338.jpg 598w\" sizes=\"(max-width: 600px) 100vw, 600px\" \/><figcaption> Foto: Twitter @ministerecomdz <\/figcaption><\/figure><\/div>\n\n\n\n<p>Medios locales reportan que desde las 08H00 (hora local) los colegios electorales abrieron sus puertas en la mayor parte del pa\u00eds, con la presencia de centenares de dispositivos de seguridad implementados por la polic\u00eda. Estos centros de votaci\u00f3n permanecer\u00e1n abiertos hasta las 19H00 (hora local).<\/p>\n\n\n\n<p>Acorde con la ley org\u00e1nica de 2016, relativa al sistema electoral, los resultados del referendo constitucional se har\u00e1n p\u00fablicos a lo largo de la pr\u00f3xima semana.<\/p>\n\n\n\n<p>En tanto, explica la ANIE que para proteger a la poblaci\u00f3n durante la crisis de la COVID-19, se desarroll\u00f3 un protocolo sanitario especial que concibe medidas higi\u00e9nicas, de distanciamiento y aforo.<\/p>\n\n\n\n<p>El presidente de esta entidad argelina, Mohamed Charfi, explic\u00f3 que \u201cla ANIE asegurar\u00e1 la integridad y regularidad del voto mediante el despliegue 90.000 miembros de su secretar\u00eda y un total de 438.000 supervisores presentes en los 61.000 colegios electorales&#8221;.<\/p>\n\n\n\n<p>El refer\u00e9ndum se realiza luego de la llegada al poder del presidente Abdelmayid Tebune en diciembre, quien encarg\u00f3 a un comit\u00e9 de expertos presentar propuestas para realizar modificaciones &#8220;profundas&#8221; en el documento constitucional.<\/p>\n\n\n\n<p>No obstante, la oposici\u00f3n ha llamado al boicot de la jornada electoral, por lo que, seg\u00fan medios locales, existe un temor a un vac\u00edo de poder tras la repentina enfermedad del Tebune el pasado jueves.<\/p>\n\n\n\n<p>La votaci\u00f3n de S\u00ed o No es para preguntarle a los ciudadanos si respaldan las propuestas de cambios constitucionales.<\/p>\n\n\n\n<p>Entre ellas, limitar la presidencia a solo dos periodos de cinco a\u00f1os cada uno, hacer que el mandatario escoja al primer ministro del partido mayoritario en el parlamento, y que tanto el parlamento como la justicia tengan m\u00e1s poder para equilibrar los alcances de la Presidencia.&nbsp;<\/p>\n\n\n\n<p>El refer\u00e9ndum del domingo llega adem\u00e1s cargado de simbolismo para los argelinos, pues el 1 de noviembre de 1954 se inici\u00f3 la Guerra de Independencia, conflicto que finaliz\u00f3 en 1962 con la emancipaci\u00f3n del pa\u00eds de Francia. Por ello, el lema de la campa\u00f1a ha sido \u201cNoviembre 1954: Liberaci\u00f3n. Noviembre 2020: Cambio\u201d.<br>&#8212; NNN-TELESUR<\/p>\n","protected":false},"excerpt":{"rendered":"<p>ARGEL, 2 de noviembre (NNN-TELESUR) &#8212; La Autoridad Nacional Independiente de las Elecciones (ANIE) de Argelia inform\u00f3 que el domingo m\u00e1s de 25 millones de argelinos est\u00e1n convocados para votar una propuesta de reforma de la Constituci\u00f3n, en un contexto de pandemia de la COVID-19 e inquietud por el estado de salud del presidente, Abdelmedjid [&hellip;]<\/p>\n","protected":false},"author":2,"featured_media":42447,"comment_status":"closed","ping_status":"closed","sticky":false,"template":"","format":"standard","meta":[],"categories":[217,276,211],"tags":[],"_links":{"self":[{"href":"http:\/\/www.namnewsnetwork.org\/es\/index.php?rest_route=\/wp\/v2\/posts\/42436"}],"collection":[{"href":"http:\/\/www.namnewsnetwork.org\/es\/index.php?rest_route=\/wp\/v2\/posts"}],"about":[{"href":"http:\/\/www.namnewsnetwork.org\/es\/index.php?rest_route=\/wp\/v2\/types\/post"}],"author":[{"embeddable":true,"href":"http:\/\/www.namnewsnetwork.org\/es\/index.php?rest_route=\/wp\/v2\/users\/2"}],"replies":[{"embeddable":true,"href":"http:\/\/www.namnewsnetwork.org\/es\/index.php?rest_route=%2Fwp%2Fv2%2Fcomments&post=42436"}],"version-history":[{"count":1,"href":"http:\/\/www.namnewsnetwork.org\/es\/index.php?rest_route=\/wp\/v2\/posts\/42436\/revisions"}],"predecessor-version":[{"id":42448,"href":"http:\/\/www.namnewsnetwork.org\/es\/index.php?rest_route=\/wp\/v2\/posts\/42436\/revisions\/42448"}],"wp:featuredmedia":[{"embeddable":true,"href":"http:\/\/www.namnewsnetwork.org\/es\/index.php?rest_route=\/wp\/v2\/media\/42447"}],"wp:attachment":[{"href":"http:\/\/www.namnewsnetwork.org\/es\/index.php?rest_route=%2Fwp%2Fv2%2Fmedia&parent=42436"}],"wp:term":[{"taxonomy":"category","embeddable":true,"href":"http:\/\/www.namnewsnetwork.org\/es\/index.php?rest_route=%2Fwp%2Fv2%2Fcategories&post=42436"},{"taxonomy":"post_tag","embeddable":true,"href":"http:\/\/www.namnewsnetwork.org\/es\/index.php?rest_route=%2Fwp%2Fv2%2Ftags&post=42436"}],"curies":[{"name":"wp","href":"https:\/\/api.w.org\/{rel}","templated":true}]}}