{"id":42363,"date":"2020-10-30T15:18:00","date_gmt":"2020-10-30T07:18:00","guid":{"rendered":"http:\/\/www.namnewsnetwork.org\/es\/?p=42363"},"modified":"2020-10-30T15:18:04","modified_gmt":"2020-10-30T07:18:04","slug":"angola-notifica-195-nuevos-contagios-por-la-covid-19","status":"publish","type":"post","link":"http:\/\/www.namnewsnetwork.org\/es\/?p=42363","title":{"rendered":"Angola notifica 195 nuevos contagios por la COVID-19"},"content":{"rendered":"\n<p>LUANDA, 30 de octubre (NNN-PRENSA LATINA) &#8212; El gobierno de Angola notific\u00f3 el jueves 195 nuevos contagios por la COVID-19 y exhort\u00f3 a la poblaci\u00f3n al estricto cumplimiento de las regulaciones sanitarias a fin de contener la propagaci\u00f3n de la pandemia.<\/p>\n\n\n\n<p>Durante las \u00faltimas tres semanas, el relajamiento de las medidas de precauci\u00f3n por parte de los ciudadanos condujo al incremento acelerado de los casos positivos, apreci\u00f3 en conferencia de prensa el secretario de estado para Salud P\u00fablica, Franco Mufinda.<\/p>\n\n\n\n<p>En ese corto per\u00edodo de tiempo, argument\u00f3, el pa\u00eds contabiliz\u00f3 el 43 por ciento del total de infectados por el coronavirus SARS-CoV2 (causante de la pandemia), desde la detecci\u00f3n de los primeros casos a fines de marzo de 2020.<\/p>\n\n\n\n<p>Con el esfuerzo y sacrificio de todos, la naci\u00f3n logr\u00f3 retardar en tres meses el pron\u00f3stico inicial de la Organizaci\u00f3n Mundial de la Salud que calcul\u00f3 la suma de 10 mil casos a la altura de junio, sin embargo, el mi\u00e9rcoles Angola sobrepas\u00f3 esa cifra, advirti\u00f3 el experto.<\/p>\n\n\n\n<p>A juicio del doctor Mufinda, el manejo efectivo de la pandemia requiere la m\u00e1xima cooperaci\u00f3n ciudadana, de manera individual y colectiva, para incidir sobre tres variables claves desde el punto de vista epidemiol\u00f3gico: control de las personas, de la frecuencia de exposici\u00f3n al virus y de la permanencia en sitios de riesgo.<\/p>\n\n\n\n<p>Los diagn\u00f3sticos positivos durante las \u00faltimas 24 horas incluyen a 157 individuos residentes en la provincia de Luanda, considerada como el epicentro de la COVID-19 en el pa\u00eds, inform\u00f3.<\/p>\n\n\n\n<p>Seg\u00fan detall\u00f3, los otros casos corresponden a los territorios de Benguela (24), Cabinda (13) y Huambo (uno), en una jornada en la que no hubo v\u00edctimas mortales a causa del brote pand\u00e9mico y 43 infectados lograron su cura en esta capital.<\/p>\n\n\n\n<p>Por el momento, Angola acumula 10 mil 269 casos confirmados, con 275 muertos, tres mil 736 recuperados y seis mil 258 activos, resumi\u00f3 el representante de la comisi\u00f3n multisectorial de prevenci\u00f3n y combate contra la COVID-19.<br>\n&#8212; NNN-PRENSA LATINA<\/p>\n","protected":false},"excerpt":{"rendered":"<p>LUANDA, 30 de octubre (NNN-PRENSA LATINA) &#8212; El gobierno de Angola notific\u00f3 el jueves 195 nuevos contagios por la COVID-19 y exhort\u00f3 a la poblaci\u00f3n al estricto cumplimiento de las regulaciones sanitarias a fin de contener la propagaci\u00f3n de la pandemia. Durante las \u00faltimas tres semanas, el relajamiento de las medidas de precauci\u00f3n por parte [&hellip;]<\/p>\n","protected":false},"author":2,"featured_media":41462,"comment_status":"closed","ping_status":"closed","sticky":false,"template":"","format":"standard","meta":[],"categories":[217,276,211,198],"tags":[],"_links":{"self":[{"href":"http:\/\/www.namnewsnetwork.org\/es\/index.php?rest_route=\/wp\/v2\/posts\/42363"}],"collection":[{"href":"http:\/\/www.namnewsnetwork.org\/es\/index.php?rest_route=\/wp\/v2\/posts"}],"about":[{"href":"http:\/\/www.namnewsnetwork.org\/es\/index.php?rest_route=\/wp\/v2\/types\/post"}],"author":[{"embeddable":true,"href":"http:\/\/www.namnewsnetwork.org\/es\/index.php?rest_route=\/wp\/v2\/users\/2"}],"replies":[{"embeddable":true,"href":"http:\/\/www.namnewsnetwork.org\/es\/index.php?rest_route=%2Fwp%2Fv2%2Fcomments&post=42363"}],"version-history":[{"count":1,"href":"http:\/\/www.namnewsnetwork.org\/es\/index.php?rest_route=\/wp\/v2\/posts\/42363\/revisions"}],"predecessor-version":[{"id":42364,"href":"http:\/\/www.namnewsnetwork.org\/es\/index.php?rest_route=\/wp\/v2\/posts\/42363\/revisions\/42364"}],"wp:featuredmedia":[{"embeddable":true,"href":"http:\/\/www.namnewsnetwork.org\/es\/index.php?rest_route=\/wp\/v2\/media\/41462"}],"wp:attachment":[{"href":"http:\/\/www.namnewsnetwork.org\/es\/index.php?rest_route=%2Fwp%2Fv2%2Fmedia&parent=42363"}],"wp:term":[{"taxonomy":"category","embeddable":true,"href":"http:\/\/www.namnewsnetwork.org\/es\/index.php?rest_route=%2Fwp%2Fv2%2Fcategories&post=42363"},{"taxonomy":"post_tag","embeddable":true,"href":"http:\/\/www.namnewsnetwork.org\/es\/index.php?rest_route=%2Fwp%2Fv2%2Ftags&post=42363"}],"curies":[{"name":"wp","href":"https:\/\/api.w.org\/{rel}","templated":true}]}}