{"id":42311,"date":"2020-10-29T23:34:05","date_gmt":"2020-10-29T15:34:05","guid":{"rendered":"http:\/\/www.namnewsnetwork.org\/es\/?p=42311"},"modified":"2020-10-29T23:34:07","modified_gmt":"2020-10-29T15:34:07","slug":"exigen-en-bolivia-investigar-asesinato-de-lider-sindicalista","status":"publish","type":"post","link":"http:\/\/www.namnewsnetwork.org\/es\/?p=42311","title":{"rendered":"Exigen en Bolivia investigar asesinato de l\u00edder sindicalista"},"content":{"rendered":"\n<p>LA PAZ, 29 de octubre (NNN-TELESUR) &#8212; El vocero de la Central Obrero Boliviana (COB), Juan Carlos Huarachi, exigi\u00f3 el mi\u00e9rcoles al Ministerio P\u00fablico que investigue el asesinato del secretario Ejecutivo de la Federaci\u00f3n Sindical de Trabajadores Mineros, Orlando Guti\u00e9rrez Luna.<\/p>\n\n\n\n<div class=\"wp-block-image\"><figure class=\"aligncenter\"><img loading=\"lazy\" width=\"600\" height=\"338\" src=\"http:\/\/www.namnewsnetwork.org\/es\/wp-content\/uploads\/2020\/10\/Exigen-en-Bolivia-investigar-asesinato-de-l\u00edder-sindicalista.jpg\" alt=\"\" class=\"wp-image-42327\" srcset=\"http:\/\/www.namnewsnetwork.org\/es\/wp-content\/uploads\/2020\/10\/Exigen-en-Bolivia-investigar-asesinato-de-l\u00edder-sindicalista.jpg 600w, http:\/\/www.namnewsnetwork.org\/es\/wp-content\/uploads\/2020\/10\/Exigen-en-Bolivia-investigar-asesinato-de-l\u00edder-sindicalista-300x169.jpg 300w, http:\/\/www.namnewsnetwork.org\/es\/wp-content\/uploads\/2020\/10\/Exigen-en-Bolivia-investigar-asesinato-de-l\u00edder-sindicalista-598x338.jpg 598w\" sizes=\"(max-width: 600px) 100vw, 600px\" \/><figcaption> Foto: ABI <\/figcaption><\/figure><\/div>\n\n\n\n<p>Juan Carlos Huarachi solicit\u00f3 que &#8220;se hagan las investigaciones, se esclarezcan los actos sufridos por nuestro hermano (Orlando Guti\u00e9rrez), vamos a pedir el informe como corresponde&#8221;. <\/p>\n\n\n\n<p>Al reclamo se ha unido el dirigente de la regional campesina de la provincia Carrasco, Juan Carlos Jim\u00e9nez, el cual ha declarado que \u201cel hermano fue atacado y las autoridades no se han pronunciado al respecto\u201d.<\/p>\n\n\n\n<p>En el citado mensaje, el candidato presidencial del Movimiento Al Socialismo (MAS) record\u00f3 que el mencionado l\u00edder sindical era un \u201cgran dirigente minero que siempre defendi\u00f3 los intereses del pueblo boliviano\u201d.<\/p>\n\n\n\n<p>Guti\u00e9rrez falleci\u00f3 el mi\u00e9rcoles a ra\u00edz de heridas en la cabeza producidas por un atentado sucedido el pasado 22 de octubre en La Paz, Bolivia. El crimen fue llevado a cabo por un grupo de personas contrarias al triunfo electoral del MAS.<\/p>\n\n\n\n<p>El dirigente minero, junto a otras organizaciones gremiales, hab\u00eda participado activamente en la campa\u00f1a electoral del MAS. A su vez, Guti\u00e9rrez se hab\u00eda destacado en la lucha contra el Gobierno de facto encabezado por la presidenta golpista, Jeanine A\u00f1ez. <br>\n&#8212; NNN-TELESUR<\/p>\n","protected":false},"excerpt":{"rendered":"<p>LA PAZ, 29 de octubre (NNN-TELESUR) &#8212; El vocero de la Central Obrero Boliviana (COB), Juan Carlos Huarachi, exigi\u00f3 el mi\u00e9rcoles al Ministerio P\u00fablico que investigue el asesinato del secretario Ejecutivo de la Federaci\u00f3n Sindical de Trabajadores Mineros, Orlando Guti\u00e9rrez Luna. Juan Carlos Huarachi solicit\u00f3 que &#8220;se hagan las investigaciones, se esclarezcan los actos sufridos [&hellip;]<\/p>\n","protected":false},"author":2,"featured_media":42328,"comment_status":"closed","ping_status":"closed","sticky":false,"template":"","format":"standard","meta":[],"categories":[215,277,211],"tags":[],"_links":{"self":[{"href":"http:\/\/www.namnewsnetwork.org\/es\/index.php?rest_route=\/wp\/v2\/posts\/42311"}],"collection":[{"href":"http:\/\/www.namnewsnetwork.org\/es\/index.php?rest_route=\/wp\/v2\/posts"}],"about":[{"href":"http:\/\/www.namnewsnetwork.org\/es\/index.php?rest_route=\/wp\/v2\/types\/post"}],"author":[{"embeddable":true,"href":"http:\/\/www.namnewsnetwork.org\/es\/index.php?rest_route=\/wp\/v2\/users\/2"}],"replies":[{"embeddable":true,"href":"http:\/\/www.namnewsnetwork.org\/es\/index.php?rest_route=%2Fwp%2Fv2%2Fcomments&post=42311"}],"version-history":[{"count":1,"href":"http:\/\/www.namnewsnetwork.org\/es\/index.php?rest_route=\/wp\/v2\/posts\/42311\/revisions"}],"predecessor-version":[{"id":42329,"href":"http:\/\/www.namnewsnetwork.org\/es\/index.php?rest_route=\/wp\/v2\/posts\/42311\/revisions\/42329"}],"wp:featuredmedia":[{"embeddable":true,"href":"http:\/\/www.namnewsnetwork.org\/es\/index.php?rest_route=\/wp\/v2\/media\/42328"}],"wp:attachment":[{"href":"http:\/\/www.namnewsnetwork.org\/es\/index.php?rest_route=%2Fwp%2Fv2%2Fmedia&parent=42311"}],"wp:term":[{"taxonomy":"category","embeddable":true,"href":"http:\/\/www.namnewsnetwork.org\/es\/index.php?rest_route=%2Fwp%2Fv2%2Fcategories&post=42311"},{"taxonomy":"post_tag","embeddable":true,"href":"http:\/\/www.namnewsnetwork.org\/es\/index.php?rest_route=%2Fwp%2Fv2%2Ftags&post=42311"}],"curies":[{"name":"wp","href":"https:\/\/api.w.org\/{rel}","templated":true}]}}