{"id":42263,"date":"2020-10-28T14:04:38","date_gmt":"2020-10-28T06:04:38","guid":{"rendered":"http:\/\/www.namnewsnetwork.org\/es\/?p=42263"},"modified":"2020-10-28T14:04:42","modified_gmt":"2020-10-28T06:04:42","slug":"evo-morales-rregresara-a-bolivia-el-9-de-noviembre","status":"publish","type":"post","link":"http:\/\/www.namnewsnetwork.org\/es\/?p=42263","title":{"rendered":"Evo Morales rregresar\u00e1 a Bolivia el 9 de noviembre"},"content":{"rendered":"\n<p>LA PAZ, 28 de octubre (NNN-AGENCIAS) &#8212; Evo Morales regresar\u00e1 a Bolivia el pr\u00f3ximo 9 de noviembre, luego de varios meses refugiado en Argentina, seg\u00fan asever\u00f3 el vicepresidente de las Seis Federaciones del Tr\u00f3pico de Cochabamba, Andr\u00f3nico Rodr\u00edguez.<\/p>\n\n\n\n<div class=\"wp-block-image\"><figure class=\"alignright is-resized\"><img loading=\"lazy\" src=\"http:\/\/www.namnewsnetwork.org\/es\/wp-content\/uploads\/2020\/10\/Evo-Morales-retornar\u00e1-a-Bolivia-el-pr\u00f3ximo-9-de-noviembre.jpg\" alt=\"\" class=\"wp-image-42283\" width=\"314\" height=\"180\" srcset=\"http:\/\/www.namnewsnetwork.org\/es\/wp-content\/uploads\/2020\/10\/Evo-Morales-retornar\u00e1-a-Bolivia-el-pr\u00f3ximo-9-de-noviembre.jpg 414w, http:\/\/www.namnewsnetwork.org\/es\/wp-content\/uploads\/2020\/10\/Evo-Morales-retornar\u00e1-a-Bolivia-el-pr\u00f3ximo-9-de-noviembre-300x172.jpg 300w\" sizes=\"(max-width: 314px) 100vw, 314px\" \/><figcaption> Foto: MAS <\/figcaption><\/figure><\/div>\n\n\n\n<p>En entrevista con la cadena Telesur, el senador electo por Cochabamba del Movimiento al Socialismo (MAS) asegur\u00f3 el arribo de Morales a suelo boliviano para esa fecha, apenas un d\u00eda despu\u00e9s de la toma de posesi\u00f3n del nuevo presidente, Luis Arce.<\/p>\n\n\n\n<p>Rodr\u00edguez recalc\u00f3 adem\u00e1s que Morales ir\u00e1 el 11 de noviembre a Cochabamba, &#8220;el d\u00eda que sali\u00f3, el mismo d\u00eda llega, por el mismo lugar que sali\u00f3. Va a ser un d\u00eda hist\u00f3rico para nosotros&#8221;.<\/p>\n\n\n\n<p>En noviembre de 2019, Evo Morales fue depuesto como presidente de Bolivia, tras sufrir un golpe de Estado, encabezado por varios pol\u00edticos y altos mandos del Ej\u00e9rcito y la Polic\u00eda.<\/p>\n\n\n\n<p>Morales sali\u00f3 del pa\u00eds rumbo a M\u00e9xico, aunque posteriormente se traslad\u00f3 hacia Argentina, donde radica actualmente en condici\u00f3n de refugiado pol\u00edtico.<\/p>\n\n\n\n<p>Mientras tanto, desde el Gobierno de facto, liderado por Jeanine \u00c1\u00f1ez, se emitieron un sinf\u00edn de cargos contra el l\u00edder ind\u00edgena, los cuales fueron desestimados recientemente.<br>&#8212; NNN-AGENCIAS<\/p>\n","protected":false},"excerpt":{"rendered":"<p>LA PAZ, 28 de octubre (NNN-AGENCIAS) &#8212; Evo Morales regresar\u00e1 a Bolivia el pr\u00f3ximo 9 de noviembre, luego de varios meses refugiado en Argentina, seg\u00fan asever\u00f3 el vicepresidente de las Seis Federaciones del Tr\u00f3pico de Cochabamba, Andr\u00f3nico Rodr\u00edguez. En entrevista con la cadena Telesur, el senador electo por Cochabamba del Movimiento al Socialismo (MAS) asegur\u00f3 [&hellip;]<\/p>\n","protected":false},"author":2,"featured_media":42283,"comment_status":"closed","ping_status":"closed","sticky":false,"template":"","format":"standard","meta":[],"categories":[215,277,211],"tags":[],"_links":{"self":[{"href":"http:\/\/www.namnewsnetwork.org\/es\/index.php?rest_route=\/wp\/v2\/posts\/42263"}],"collection":[{"href":"http:\/\/www.namnewsnetwork.org\/es\/index.php?rest_route=\/wp\/v2\/posts"}],"about":[{"href":"http:\/\/www.namnewsnetwork.org\/es\/index.php?rest_route=\/wp\/v2\/types\/post"}],"author":[{"embeddable":true,"href":"http:\/\/www.namnewsnetwork.org\/es\/index.php?rest_route=\/wp\/v2\/users\/2"}],"replies":[{"embeddable":true,"href":"http:\/\/www.namnewsnetwork.org\/es\/index.php?rest_route=%2Fwp%2Fv2%2Fcomments&post=42263"}],"version-history":[{"count":1,"href":"http:\/\/www.namnewsnetwork.org\/es\/index.php?rest_route=\/wp\/v2\/posts\/42263\/revisions"}],"predecessor-version":[{"id":42284,"href":"http:\/\/www.namnewsnetwork.org\/es\/index.php?rest_route=\/wp\/v2\/posts\/42263\/revisions\/42284"}],"wp:featuredmedia":[{"embeddable":true,"href":"http:\/\/www.namnewsnetwork.org\/es\/index.php?rest_route=\/wp\/v2\/media\/42283"}],"wp:attachment":[{"href":"http:\/\/www.namnewsnetwork.org\/es\/index.php?rest_route=%2Fwp%2Fv2%2Fmedia&parent=42263"}],"wp:term":[{"taxonomy":"category","embeddable":true,"href":"http:\/\/www.namnewsnetwork.org\/es\/index.php?rest_route=%2Fwp%2Fv2%2Fcategories&post=42263"},{"taxonomy":"post_tag","embeddable":true,"href":"http:\/\/www.namnewsnetwork.org\/es\/index.php?rest_route=%2Fwp%2Fv2%2Ftags&post=42263"}],"curies":[{"name":"wp","href":"https:\/\/api.w.org\/{rel}","templated":true}]}}