{"id":42163,"date":"2020-10-26T13:24:01","date_gmt":"2020-10-26T05:24:01","guid":{"rendered":"http:\/\/www.namnewsnetwork.org\/es\/?p=42163"},"modified":"2020-10-26T13:24:05","modified_gmt":"2020-10-26T05:24:05","slug":"cuba-varadero-vuelve-a-recibir-turistas-extranjeros-por-via-aerea","status":"publish","type":"post","link":"http:\/\/www.namnewsnetwork.org\/es\/?p=42163","title":{"rendered":"Cuba: Varadero vuelve a recibir turistas extranjeros por v\u00eda a\u00e9rea"},"content":{"rendered":"\n<p>LA HABANA, 26 de octubre (NNN-AGENCIAS) &#8212; El primer vuelo con turistas extranjeros para la playa cubana de Varadero, tras reabrir el balneario a esos mercados, arrib\u00f3 el domingo al aeropuerto internacional Juan Gualberto G\u00f3mez, de la occidental provincia cubana de Matanzas, con vacacionistas del Reino Unido.<\/p>\n\n\n\n<div class=\"wp-block-image\"><figure class=\"alignright is-resized\"><img loading=\"lazy\" src=\"http:\/\/www.namnewsnetwork.org\/es\/wp-content\/uploads\/2020\/10\/Varadero-vuelve-a-recibir-turistas-extranjeros-por-v\u00eda-a\u00e9rea.jpg\" alt=\"\" class=\"wp-image-42166\" width=\"292\" height=\"219\" srcset=\"http:\/\/www.namnewsnetwork.org\/es\/wp-content\/uploads\/2020\/10\/Varadero-vuelve-a-recibir-turistas-extranjeros-por-v\u00eda-a\u00e9rea.jpg 319w, http:\/\/www.namnewsnetwork.org\/es\/wp-content\/uploads\/2020\/10\/Varadero-vuelve-a-recibir-turistas-extranjeros-por-v\u00eda-a\u00e9rea-300x225.jpg 300w\" sizes=\"(max-width: 292px) 100vw, 292px\" \/><figcaption>Foto: Odalys Oriol Miranda Su\u00e1rez <\/figcaption><\/figure><\/div>\n\n\n\n<p>La agencia TUI UK (Alemania-Reino Unido) reinici\u00f3 las operaciones hacia el afamado polo de sol y playa el domingo, mediante un avi\u00f3n del tipo Boeing 787-8 Dreamliner desde la ciudad brit\u00e1nica de Manchester (Inglaterra) hacia ese aer\u00f3dromo.<\/p>\n\n\n\n<p>En total viajaron 276 pasajeros de los cuales 241 son vacacionistas de la citada naci\u00f3n europea, quienes se alojaron en los hoteles Royalton e Iberostar Varadero, ambos de la cadena hotelera Cubanac\u00e1n y en el Playa Vista Axul, del grupo Gaviota.<\/p>\n\n\n\n<p>A los veraneantes se les aplicaron los controles higi\u00e9nicos sanitarios establecidos para evitar contagio de la COVID-19, y las medidas de bioseguridad previstas en los protocolos como los PCR, sin que perdiera la fluidez y agilidad en la atenci\u00f3n a los viajeros.<\/p>\n\n\n\n<p>En di\u00e1logo con Prensa Latina, Dunesky Gonz\u00e1lez, directivo de la filial del receptivo Gaviota Tours en el balneario, catalog\u00f3 como muy importante la operaci\u00f3n comercial reiniciada este 25 de octubre con el Reino Unido y con TUI el mayor grupo tur\u00edstico del orbe.<\/p>\n\n\n\n<p>&#8220;El mercado brit\u00e1nico en Varadero tuvo una inflexi\u00f3n en los \u00faltimos dos a\u00f1os, y ahora se recupera; el pr\u00f3ximo 5 de noviembre se incorpora otro vuelo de TUI desde Londres, lo que aumentar\u00eda a dos frecuencias semanales, con 680 asientos que es importante&#8221;, destac\u00f3.<\/p>\n\n\n\n<p>A\u00f1adi\u00f3 que &#8220;es el arranque del mercado europeo, el arranque de uno de los grandes (TUI), los hoteles est\u00e1n muy bien preparados al igual que los receptivos y el Mintur; como entidad rectora, lo ha hecho muy bien, tiene protocolos muy claros en los alojamientos y los transportistas&#8221;.<\/p>\n\n\n\n<p>Gonz\u00e1lez manifest\u00f3 estar muy satisfecho con el regreso de este mercado, &#8220;c\u00f3mo el pa\u00eds ha manejado el tema de la pandemia, la organizaci\u00f3n del reinicio de una manera conciliada con todas las partes, me paree que es ideal y estoy seguro que va salir muy bien&#8221;.<\/p>\n\n\n\n<p>Varadero, con superiores est\u00e1ndares de confort en la campa\u00f1a invernal de alza tur\u00edstica, est\u00e1 ubicado en la pen\u00ednsula de Hicacos de la costa norte del territorio matancero, a 140 kil\u00f3metros al este de La Habana.<\/p>\n\n\n\n<p>Su playa, con unos 20 kil\u00f3metros de blanca y fina arena, est\u00e1 considerada como la segunda mejor del mundo, seg\u00fan encuestas internacionales, y dispone una variada red extrahotelera con amplias opciones recreativas, en especial las dedicadas a la na\u00fatica.<br>&#8212; NNN-AGENCIAS<\/p>\n","protected":false},"excerpt":{"rendered":"<p>LA HABANA, 26 de octubre (NNN-AGENCIAS) &#8212; El primer vuelo con turistas extranjeros para la playa cubana de Varadero, tras reabrir el balneario a esos mercados, arrib\u00f3 el domingo al aeropuerto internacional Juan Gualberto G\u00f3mez, de la occidental provincia cubana de Matanzas, con vacacionistas del Reino Unido. La agencia TUI UK (Alemania-Reino Unido) reinici\u00f3 las [&hellip;]<\/p>\n","protected":false},"author":2,"featured_media":42166,"comment_status":"closed","ping_status":"closed","sticky":false,"template":"","format":"standard","meta":[],"categories":[215,277,211],"tags":[],"_links":{"self":[{"href":"http:\/\/www.namnewsnetwork.org\/es\/index.php?rest_route=\/wp\/v2\/posts\/42163"}],"collection":[{"href":"http:\/\/www.namnewsnetwork.org\/es\/index.php?rest_route=\/wp\/v2\/posts"}],"about":[{"href":"http:\/\/www.namnewsnetwork.org\/es\/index.php?rest_route=\/wp\/v2\/types\/post"}],"author":[{"embeddable":true,"href":"http:\/\/www.namnewsnetwork.org\/es\/index.php?rest_route=\/wp\/v2\/users\/2"}],"replies":[{"embeddable":true,"href":"http:\/\/www.namnewsnetwork.org\/es\/index.php?rest_route=%2Fwp%2Fv2%2Fcomments&post=42163"}],"version-history":[{"count":1,"href":"http:\/\/www.namnewsnetwork.org\/es\/index.php?rest_route=\/wp\/v2\/posts\/42163\/revisions"}],"predecessor-version":[{"id":42167,"href":"http:\/\/www.namnewsnetwork.org\/es\/index.php?rest_route=\/wp\/v2\/posts\/42163\/revisions\/42167"}],"wp:featuredmedia":[{"embeddable":true,"href":"http:\/\/www.namnewsnetwork.org\/es\/index.php?rest_route=\/wp\/v2\/media\/42166"}],"wp:attachment":[{"href":"http:\/\/www.namnewsnetwork.org\/es\/index.php?rest_route=%2Fwp%2Fv2%2Fmedia&parent=42163"}],"wp:term":[{"taxonomy":"category","embeddable":true,"href":"http:\/\/www.namnewsnetwork.org\/es\/index.php?rest_route=%2Fwp%2Fv2%2Fcategories&post=42163"},{"taxonomy":"post_tag","embeddable":true,"href":"http:\/\/www.namnewsnetwork.org\/es\/index.php?rest_route=%2Fwp%2Fv2%2Ftags&post=42163"}],"curies":[{"name":"wp","href":"https:\/\/api.w.org\/{rel}","templated":true}]}}