{"id":42061,"date":"2020-10-24T23:34:13","date_gmt":"2020-10-24T15:34:13","guid":{"rendered":"http:\/\/www.namnewsnetwork.org\/es\/?p=42061"},"modified":"2020-10-24T23:34:15","modified_gmt":"2020-10-24T15:34:15","slug":"johnson-johnson-reanudara-ensayo-de-su-vacuna-contra-el-covid-19-en-ee-uu","status":"publish","type":"post","link":"http:\/\/www.namnewsnetwork.org\/es\/?p=42061","title":{"rendered":"Johnson &amp; Johnson reanudar\u00e1 ensayo de su vacuna contra el covid-19 en EE. UU."},"content":{"rendered":"\n<p>WASHINGTON, 24 de octubre (NNN-ANDINA) &#8212; La farmac\u00e9utica estadounidense Johnson &amp; Johnson dijo el viernes que se prepara para reanudar el ensayo cl\u00ednico de su vacuna experimental contra covid-19, suspendida la semana pasada despu\u00e9s de que un voluntario se enfermara.<\/p>\n\n\n\n<div class=\"wp-block-image\"><figure class=\"aligncenter is-resized\"><img loading=\"lazy\" src=\"http:\/\/www.namnewsnetwork.org\/es\/wp-content\/uploads\/2020\/10\/Johnson-Johnson-reanudar\u00e1-ensayo-de-su-vacuna-contra-el-covid-19-en-EE.-UU..jpg\" alt=\"\" class=\"wp-image-42085\" width=\"567\" height=\"377\" srcset=\"http:\/\/www.namnewsnetwork.org\/es\/wp-content\/uploads\/2020\/10\/Johnson-Johnson-reanudar\u00e1-ensayo-de-su-vacuna-contra-el-covid-19-en-EE.-UU..jpg 357w, http:\/\/www.namnewsnetwork.org\/es\/wp-content\/uploads\/2020\/10\/Johnson-Johnson-reanudar\u00e1-ensayo-de-su-vacuna-contra-el-covid-19-en-EE.-UU.-300x200.jpg 300w\" sizes=\"(max-width: 567px) 100vw, 567px\" \/><figcaption> Fort: ANDINA\/archivo <\/figcaption><\/figure><\/div>\n\n\n\n<p>J&amp;J dijo que estaba &#8220;planeando reanudar el reclutamiento&#8221; para el ensayo de fase 3, que comenz\u00f3 a finales de septiembre y prev\u00e9 incluir a 60,000 participantes. <\/p>\n\n\n\n<p>&#8220;Despu\u00e9s de una evaluaci\u00f3n exhaustiva de un incidente m\u00e9dico grave experimentado por un participante del estudio, no se ha identificado una causa clara&#8221;, dijo el grupo en un comunicado. &#8220;La compa\u00f1\u00eda no ha encontrado evidencia de que la vacuna candidata haya causado el incidente&#8221;.<br>\n&#8212; NNN-ANDINA<\/p>\n","protected":false},"excerpt":{"rendered":"<p>WASHINGTON, 24 de octubre (NNN-ANDINA) &#8212; La farmac\u00e9utica estadounidense Johnson &amp; Johnson dijo el viernes que se prepara para reanudar el ensayo cl\u00ednico de su vacuna experimental contra covid-19, suspendida la semana pasada despu\u00e9s de que un voluntario se enfermara. J&amp;J dijo que estaba &#8220;planeando reanudar el reclutamiento&#8221; para el ensayo de fase 3, que [&hellip;]<\/p>\n","protected":false},"author":2,"featured_media":42086,"comment_status":"closed","ping_status":"closed","sticky":false,"template":"","format":"standard","meta":[],"categories":[215,277,211,198],"tags":[],"_links":{"self":[{"href":"http:\/\/www.namnewsnetwork.org\/es\/index.php?rest_route=\/wp\/v2\/posts\/42061"}],"collection":[{"href":"http:\/\/www.namnewsnetwork.org\/es\/index.php?rest_route=\/wp\/v2\/posts"}],"about":[{"href":"http:\/\/www.namnewsnetwork.org\/es\/index.php?rest_route=\/wp\/v2\/types\/post"}],"author":[{"embeddable":true,"href":"http:\/\/www.namnewsnetwork.org\/es\/index.php?rest_route=\/wp\/v2\/users\/2"}],"replies":[{"embeddable":true,"href":"http:\/\/www.namnewsnetwork.org\/es\/index.php?rest_route=%2Fwp%2Fv2%2Fcomments&post=42061"}],"version-history":[{"count":1,"href":"http:\/\/www.namnewsnetwork.org\/es\/index.php?rest_route=\/wp\/v2\/posts\/42061\/revisions"}],"predecessor-version":[{"id":42087,"href":"http:\/\/www.namnewsnetwork.org\/es\/index.php?rest_route=\/wp\/v2\/posts\/42061\/revisions\/42087"}],"wp:featuredmedia":[{"embeddable":true,"href":"http:\/\/www.namnewsnetwork.org\/es\/index.php?rest_route=\/wp\/v2\/media\/42086"}],"wp:attachment":[{"href":"http:\/\/www.namnewsnetwork.org\/es\/index.php?rest_route=%2Fwp%2Fv2%2Fmedia&parent=42061"}],"wp:term":[{"taxonomy":"category","embeddable":true,"href":"http:\/\/www.namnewsnetwork.org\/es\/index.php?rest_route=%2Fwp%2Fv2%2Fcategories&post=42061"},{"taxonomy":"post_tag","embeddable":true,"href":"http:\/\/www.namnewsnetwork.org\/es\/index.php?rest_route=%2Fwp%2Fv2%2Ftags&post=42061"}],"curies":[{"name":"wp","href":"https:\/\/api.w.org\/{rel}","templated":true}]}}