{"id":42010,"date":"2020-10-23T13:36:13","date_gmt":"2020-10-23T05:36:13","guid":{"rendered":"http:\/\/www.namnewsnetwork.org\/es\/?p=42010"},"modified":"2020-10-23T13:36:16","modified_gmt":"2020-10-23T05:36:16","slug":"manifestaciones-dejan-al-menos-56-fallecidos-en-nigeria","status":"publish","type":"post","link":"http:\/\/www.namnewsnetwork.org\/es\/?p=42010","title":{"rendered":"Manifestaciones dejan al menos 56 fallecidos en Nigeria"},"content":{"rendered":"\n<p>ABUYA, 23 de octubre (NNN-TELESUR) &#8212; Medios internacionales reportaron el jueves que al menos 56 personas han muerto durante las protestas contra la violencia policial que se han desencadenado en varias ciudades de Nigeria desde el pasado 8 de octubre. <\/p>\n\n\n\n<p>&#8220;La cifra se mantiene en 56&#8221;, confirm\u00f3 Isa Sunasi, responsable de medios de AI Nigeria, quien urgi\u00f3 a las fuerzas de seguridad a &#8220;actuar con moderaci\u00f3n y precauci\u00f3n&#8221; y a respetar &#8220;el derecho a la libertad de reuni\u00f3n y circulaci\u00f3n&#8221; de los nigerianos.<\/p>\n\n\n\n<p>En ciudades del sureste del pa\u00eds como Lagos y Delta han decretado toque de queda por 48 horas, tras intensificarse los disturbios callejeros, en los que se han notificado ataques con arma de fuego por parte de las fuerzas de seguridad hacia la poblaci\u00f3n.<\/p>\n\n\n\n<p>De acuerdo con las fuentes citadas, durante los enfrentamientos, dos c\u00e1rceles fueron atacadas y cerca de 2.000 presos fueron liberados, lo cual ha obligado a las autoridades gubernamentales a tomar la medida. <\/p>\n\n\n\n<p>Por otra parte, la organizaci\u00f3n sociopol\u00edtica panyoruba Afenifere critic\u00f3 al presidente, Muhammadu Buhari, por callar ante los asesinatos en el paso de Lekki (ciudad de Lagos), donde murieron 38 personas.<\/p>\n\n\n\n<p>Desde el pasado 8 de octubre, parte de la poblaci\u00f3n nigeriana se moviliza contra acciones ilegales y abuso de autoridad del Escuadr\u00f3n Especial Antirrobo (SARS, por sus siglas en ingl\u00e9s). El 11 de octubre, el inspector general de la polic\u00eda, Mohammed Adamu, anunci\u00f3 el desmantelamiento del escuadr\u00f3n. <br>\n&#8212; NNN-TELESUR<\/p>\n","protected":false},"excerpt":{"rendered":"<p>ABUYA, 23 de octubre (NNN-TELESUR) &#8212; Medios internacionales reportaron el jueves que al menos 56 personas han muerto durante las protestas contra la violencia policial que se han desencadenado en varias ciudades de Nigeria desde el pasado 8 de octubre. &#8220;La cifra se mantiene en 56&#8221;, confirm\u00f3 Isa Sunasi, responsable de medios de AI Nigeria, [&hellip;]<\/p>\n","protected":false},"author":2,"featured_media":42023,"comment_status":"closed","ping_status":"closed","sticky":false,"template":"","format":"standard","meta":[],"categories":[217,276,211],"tags":[],"_links":{"self":[{"href":"http:\/\/www.namnewsnetwork.org\/es\/index.php?rest_route=\/wp\/v2\/posts\/42010"}],"collection":[{"href":"http:\/\/www.namnewsnetwork.org\/es\/index.php?rest_route=\/wp\/v2\/posts"}],"about":[{"href":"http:\/\/www.namnewsnetwork.org\/es\/index.php?rest_route=\/wp\/v2\/types\/post"}],"author":[{"embeddable":true,"href":"http:\/\/www.namnewsnetwork.org\/es\/index.php?rest_route=\/wp\/v2\/users\/2"}],"replies":[{"embeddable":true,"href":"http:\/\/www.namnewsnetwork.org\/es\/index.php?rest_route=%2Fwp%2Fv2%2Fcomments&post=42010"}],"version-history":[{"count":1,"href":"http:\/\/www.namnewsnetwork.org\/es\/index.php?rest_route=\/wp\/v2\/posts\/42010\/revisions"}],"predecessor-version":[{"id":42024,"href":"http:\/\/www.namnewsnetwork.org\/es\/index.php?rest_route=\/wp\/v2\/posts\/42010\/revisions\/42024"}],"wp:featuredmedia":[{"embeddable":true,"href":"http:\/\/www.namnewsnetwork.org\/es\/index.php?rest_route=\/wp\/v2\/media\/42023"}],"wp:attachment":[{"href":"http:\/\/www.namnewsnetwork.org\/es\/index.php?rest_route=%2Fwp%2Fv2%2Fmedia&parent=42010"}],"wp:term":[{"taxonomy":"category","embeddable":true,"href":"http:\/\/www.namnewsnetwork.org\/es\/index.php?rest_route=%2Fwp%2Fv2%2Fcategories&post=42010"},{"taxonomy":"post_tag","embeddable":true,"href":"http:\/\/www.namnewsnetwork.org\/es\/index.php?rest_route=%2Fwp%2Fv2%2Ftags&post=42010"}],"curies":[{"name":"wp","href":"https:\/\/api.w.org\/{rel}","templated":true}]}}