{"id":41832,"date":"2020-10-20T13:43:45","date_gmt":"2020-10-20T05:43:45","guid":{"rendered":"http:\/\/www.namnewsnetwork.org\/es\/?p=41832"},"modified":"2020-10-20T13:43:46","modified_gmt":"2020-10-20T05:43:46","slug":"protestan-en-costa-de-marfil-contra-candidatura-del-actual-presidente","status":"publish","type":"post","link":"http:\/\/www.namnewsnetwork.org\/es\/?p=41832","title":{"rendered":"Protestan en Costa de Marfil contra candidatura del actual presidente"},"content":{"rendered":"\n<p>ABIY\u00c1N, 20 de octubre (NNN-TELESUR) &#8212; Numerosas manifestaciones se suceden en varias localidades de Abiy\u00e1n, principal ciudad de Costa de Marfil, entre bandos contrarios previo a las elecciones del pr\u00f3ximo 31 de octubre como reacci\u00f3n a un llamado de la oposici\u00f3n a la &#8220;desobediencia civil&#8221;.<\/p>\n\n\n\n<p>Las protestas se producen en contra de la candidatura del actual presidente, Alassane Ouattara, quien aspira a un tercer mandato. Las mismas se han extendido hasta localidades cercanas a Abiy\u00e1n, como Dabou (a unos 35 kil\u00f3metros al oeste de la ciudad) y Bonoua (a unos 40 kil\u00f3metros al este).&nbsp;<\/p>\n\n\n\n<p>En esta \u00faltima, los grupos de j\u00f3venes crearon una barricada con ladrillos y troncos para responder a la Polic\u00eda. Seg\u00fan testigos, los efectivos policiales habr\u00edan disparado balas reales y causado la muerte de al menos un joven.<\/p>\n\n\n\n<p>Entretanto, con una publicaci\u00f3n en Twitter, el expresidente de la Asamblea Nacional exiliado en Francia, Guillaume Soro, deplor\u00f3 la muerte de una persona y los varios heridos con machete el lunes, sin indicar d\u00f3nde se produjo el incidente.<\/p>\n\n\n\n<p>La candidatura presidencial de Soro fue rechazada por estar condenado &#8220;in absentia&#8221; a 20 a\u00f1os de prisi\u00f3n por malversaci\u00f3n de fondos p\u00fablicos.<\/p>\n\n\n\n<p>La violencia comenz\u00f3 en el pa\u00eds un d\u00eda despu\u00e9s del inicio de la campa\u00f1a electoral el pasado d\u00eda 15 de octubre en Bongouano, localidad a 200 kil\u00f3metros al norte de Abiy\u00e1n y basti\u00f3n del opositor Pascal Affi N&#8217;Guessan. Los dos principales candidatos de la oposici\u00f3n llamaron a &#8220;un boicot activo por todos los medios legales&#8221; de las elecciones presidenciales.<\/p>\n\n\n\n<p>En adici\u00f3n a esos llamados, el expresidente Henry Konan B\u00e9di\u00e9 (1993-1999), quien es candidato por el Partido Democr\u00e1tico de Costa de Marfil (PDCI, primera formaci\u00f3n de oposici\u00f3n) y el expremier Pascal Affi N&#8217;Guessan, del Frente Popular Marfile\u00f1o (FPI, segunda), hicieron ese llamamiento al rechazar la candidatura de Ouattara, la cual calificaron de &#8220;golpe de Estado&#8221;.<\/p>\n\n\n\n<p>Ya Costa de Marfil vivi\u00f3 una crisis poselectoral entre 2010-2011, cuando Ouattara lleg\u00f3 al poder tras la segunda vuelta de las elecciones en las que la Comisi\u00f3n Electoral le atribuy\u00f3 la victoria con un 54,1 por ciento de los votos frente al expresidente Laurent Gbagbo.<br>&#8212; NNN-TELESUR<\/p>\n","protected":false},"excerpt":{"rendered":"<p>ABIY\u00c1N, 20 de octubre (NNN-TELESUR) &#8212; Numerosas manifestaciones se suceden en varias localidades de Abiy\u00e1n, principal ciudad de Costa de Marfil, entre bandos contrarios previo a las elecciones del pr\u00f3ximo 31 de octubre como reacci\u00f3n a un llamado de la oposici\u00f3n a la &#8220;desobediencia civil&#8221;. Las protestas se producen en contra de la candidatura del [&hellip;]<\/p>\n","protected":false},"author":2,"featured_media":41839,"comment_status":"closed","ping_status":"closed","sticky":false,"template":"","format":"standard","meta":[],"categories":[217,276,211],"tags":[],"_links":{"self":[{"href":"http:\/\/www.namnewsnetwork.org\/es\/index.php?rest_route=\/wp\/v2\/posts\/41832"}],"collection":[{"href":"http:\/\/www.namnewsnetwork.org\/es\/index.php?rest_route=\/wp\/v2\/posts"}],"about":[{"href":"http:\/\/www.namnewsnetwork.org\/es\/index.php?rest_route=\/wp\/v2\/types\/post"}],"author":[{"embeddable":true,"href":"http:\/\/www.namnewsnetwork.org\/es\/index.php?rest_route=\/wp\/v2\/users\/2"}],"replies":[{"embeddable":true,"href":"http:\/\/www.namnewsnetwork.org\/es\/index.php?rest_route=%2Fwp%2Fv2%2Fcomments&post=41832"}],"version-history":[{"count":1,"href":"http:\/\/www.namnewsnetwork.org\/es\/index.php?rest_route=\/wp\/v2\/posts\/41832\/revisions"}],"predecessor-version":[{"id":41840,"href":"http:\/\/www.namnewsnetwork.org\/es\/index.php?rest_route=\/wp\/v2\/posts\/41832\/revisions\/41840"}],"wp:featuredmedia":[{"embeddable":true,"href":"http:\/\/www.namnewsnetwork.org\/es\/index.php?rest_route=\/wp\/v2\/media\/41839"}],"wp:attachment":[{"href":"http:\/\/www.namnewsnetwork.org\/es\/index.php?rest_route=%2Fwp%2Fv2%2Fmedia&parent=41832"}],"wp:term":[{"taxonomy":"category","embeddable":true,"href":"http:\/\/www.namnewsnetwork.org\/es\/index.php?rest_route=%2Fwp%2Fv2%2Fcategories&post=41832"},{"taxonomy":"post_tag","embeddable":true,"href":"http:\/\/www.namnewsnetwork.org\/es\/index.php?rest_route=%2Fwp%2Fv2%2Ftags&post=41832"}],"curies":[{"name":"wp","href":"https:\/\/api.w.org\/{rel}","templated":true}]}}