{"id":41724,"date":"2020-10-18T23:25:13","date_gmt":"2020-10-18T15:25:13","guid":{"rendered":"http:\/\/www.namnewsnetwork.org\/es\/?p=41724"},"modified":"2020-10-18T23:25:15","modified_gmt":"2020-10-18T15:25:15","slug":"ejercito-de-somalia-ultima-a-61-integrantes-de-grupo-radical","status":"publish","type":"post","link":"http:\/\/www.namnewsnetwork.org\/es\/?p=41724","title":{"rendered":"Ej\u00e9rcito de Somalia ultima a 61 integrantes de grupo radical"},"content":{"rendered":"\n<p>MOGADISCIO, 18 de octubre (NNN-PRENSA LATINA) &#8212; El Ej\u00e9rcito de Somalia ultim\u00f3 a 61 integrantes del grupo radical isl\u00e1mico Al Shabab en enfrentamientos en la ciudad de Afgoye, a unos 30 kil\u00f3metros al oeste de esta capital, actualiz\u00f3 el s\u00e1bado en un parte el organismo castrense.<\/p>\n\n\n\n<p>El portavoz del cuerpo armado, Dhame Sadik Adan, indic\u00f3 que los choques entre ambas fuerzas, los cuales tuvieron lugar el mi\u00e9rcoles y jueves pasados, ocurrieron cuando los insurgentes emboscaron a las tropas del Ej\u00e9rcito Nacional, el cual tuvo en sus filas 18 bajas mortales, entre ellos un teniente coronel, difundi\u00f3 Garowe Online.<\/p>\n\n\n\n<p>Los militares, tras ser sorprendidos por los atacantes en momentos en que patrullaban sitios de Afgoye de forma rutinaria, pasaron luego a la ofensiva y de ah\u00ed el elevado saldo de occisos que sufri\u00f3 Al-Shabab (Los J\u00f3venes), precis\u00f3 la fuente.<\/p>\n\n\n\n<p>Seg\u00fan detall\u00f3 Sadik Adan, el gobierno somal\u00ed rindi\u00f3 homenaje a los militares muertos en combate y se comprometi\u00f3 a exterminar con todos los medios a su alcance a las agrupaciones extremistas activas.<\/p>\n\n\n\n<p>Somalia, sufre intermitentes guerras desde 1991, cuando fue derrocado el entonces presidente Mohamed Siad Barre.<\/p>\n\n\n\n<p>A partir de ese a\u00f1o, el estado africano es asolado por violentas acciones del propio ente armado Al-Shabab, numerosos clanes y se\u00f1ores de la guerra.<\/p>\n\n\n\n<p>Con el objetivo de alcanzar la paz y la seguridad en esta convulsa naci\u00f3n africana y como fuerza de apoyo del Ej\u00e9rcito somal\u00ed, en este territorio est\u00e1 presente desde febrero de 2007 la Misi\u00f3n de la Uni\u00f3n Africana en Somalia, con la aprobaci\u00f3n de Naciones Unidas.<br>\n&#8212; NNN-PRENSA LATINA<\/p>\n","protected":false},"excerpt":{"rendered":"<p>MOGADISCIO, 18 de octubre (NNN-PRENSA LATINA) &#8212; El Ej\u00e9rcito de Somalia ultim\u00f3 a 61 integrantes del grupo radical isl\u00e1mico Al Shabab en enfrentamientos en la ciudad de Afgoye, a unos 30 kil\u00f3metros al oeste de esta capital, actualiz\u00f3 el s\u00e1bado en un parte el organismo castrense. El portavoz del cuerpo armado, Dhame Sadik Adan, indic\u00f3 [&hellip;]<\/p>\n","protected":false},"author":2,"featured_media":28958,"comment_status":"closed","ping_status":"closed","sticky":false,"template":"","format":"standard","meta":[],"categories":[217,276,211],"tags":[],"_links":{"self":[{"href":"http:\/\/www.namnewsnetwork.org\/es\/index.php?rest_route=\/wp\/v2\/posts\/41724"}],"collection":[{"href":"http:\/\/www.namnewsnetwork.org\/es\/index.php?rest_route=\/wp\/v2\/posts"}],"about":[{"href":"http:\/\/www.namnewsnetwork.org\/es\/index.php?rest_route=\/wp\/v2\/types\/post"}],"author":[{"embeddable":true,"href":"http:\/\/www.namnewsnetwork.org\/es\/index.php?rest_route=\/wp\/v2\/users\/2"}],"replies":[{"embeddable":true,"href":"http:\/\/www.namnewsnetwork.org\/es\/index.php?rest_route=%2Fwp%2Fv2%2Fcomments&post=41724"}],"version-history":[{"count":1,"href":"http:\/\/www.namnewsnetwork.org\/es\/index.php?rest_route=\/wp\/v2\/posts\/41724\/revisions"}],"predecessor-version":[{"id":41730,"href":"http:\/\/www.namnewsnetwork.org\/es\/index.php?rest_route=\/wp\/v2\/posts\/41724\/revisions\/41730"}],"wp:featuredmedia":[{"embeddable":true,"href":"http:\/\/www.namnewsnetwork.org\/es\/index.php?rest_route=\/wp\/v2\/media\/28958"}],"wp:attachment":[{"href":"http:\/\/www.namnewsnetwork.org\/es\/index.php?rest_route=%2Fwp%2Fv2%2Fmedia&parent=41724"}],"wp:term":[{"taxonomy":"category","embeddable":true,"href":"http:\/\/www.namnewsnetwork.org\/es\/index.php?rest_route=%2Fwp%2Fv2%2Fcategories&post=41724"},{"taxonomy":"post_tag","embeddable":true,"href":"http:\/\/www.namnewsnetwork.org\/es\/index.php?rest_route=%2Fwp%2Fv2%2Ftags&post=41724"}],"curies":[{"name":"wp","href":"https:\/\/api.w.org\/{rel}","templated":true}]}}