{"id":41456,"date":"2020-10-13T14:35:23","date_gmt":"2020-10-13T06:35:23","guid":{"rendered":"http:\/\/www.namnewsnetwork.org\/es\/?p=41456"},"modified":"2020-10-13T14:35:26","modified_gmt":"2020-10-13T06:35:26","slug":"detectan-en-angola-otros-122-casos-de-la-covid-19","status":"publish","type":"post","link":"http:\/\/www.namnewsnetwork.org\/es\/?p=41456","title":{"rendered":"Detectan en Angola otros 122 casos de la COVID-19"},"content":{"rendered":"\n<p>LUANDA, 13 de octubre (NNN-PRENSA LATINA) &#8212; Angola registr\u00f3 hasta el lunes un saldo de seis mil 488 contaminados por la COVID-19, tras el hallazgo de 122 nuevos contagios en cinco provincias, ubicadas casi todas en el norte del pa\u00eds.<\/p>\n\n\n\n<p>En conferencia de prensa, el secretario de estado para Salud P\u00fablica, Franco Mufinda, precis\u00f3 que los diagn\u00f3sticos implican a los territorios de Zaire, Cuanza Norte, Malanje, Cabinda y Luanda e incluyen a menores y adultos mayores, con edades desde uno hasta 70 a\u00f1os.<\/p>\n\n\n\n<p>Seg\u00fan precis\u00f3, la mayor\u00eda de los casos (99) guarda relaci\u00f3n con la provincia de Luanda, la \u00fanica afectada por la transmisi\u00f3n comunitaria del coronavirus SARS-CoV-2, causante de la pandemia.<\/p>\n\n\n\n<p>El representante de la comisi\u00f3n multisectorial de prevenci\u00f3n y lucha contra la COVID-19 anunci\u00f3, adem\u00e1s, el fallecimiento de un paciente de 51 a\u00f1os edad y la recuperaci\u00f3n de otro residente tambi\u00e9n en esta ciudad.<\/p>\n\n\n\n<p>Angola acumula hasta el momento seis mil 488 casos confirmados, con 219 muertos, dos mil 744 recuperados y tres mil 525 activos, sintetiz\u00f3 el funcionario.<br>&#8212; NNN-PRENSA LATINA<\/p>\n","protected":false},"excerpt":{"rendered":"<p>LUANDA, 13 de octubre (NNN-PRENSA LATINA) &#8212; Angola registr\u00f3 hasta el lunes un saldo de seis mil 488 contaminados por la COVID-19, tras el hallazgo de 122 nuevos contagios en cinco provincias, ubicadas casi todas en el norte del pa\u00eds. En conferencia de prensa, el secretario de estado para Salud P\u00fablica, Franco Mufinda, precis\u00f3 que [&hellip;]<\/p>\n","protected":false},"author":2,"featured_media":41462,"comment_status":"closed","ping_status":"closed","sticky":false,"template":"","format":"standard","meta":[],"categories":[217,276,211,198],"tags":[],"_links":{"self":[{"href":"http:\/\/www.namnewsnetwork.org\/es\/index.php?rest_route=\/wp\/v2\/posts\/41456"}],"collection":[{"href":"http:\/\/www.namnewsnetwork.org\/es\/index.php?rest_route=\/wp\/v2\/posts"}],"about":[{"href":"http:\/\/www.namnewsnetwork.org\/es\/index.php?rest_route=\/wp\/v2\/types\/post"}],"author":[{"embeddable":true,"href":"http:\/\/www.namnewsnetwork.org\/es\/index.php?rest_route=\/wp\/v2\/users\/2"}],"replies":[{"embeddable":true,"href":"http:\/\/www.namnewsnetwork.org\/es\/index.php?rest_route=%2Fwp%2Fv2%2Fcomments&post=41456"}],"version-history":[{"count":1,"href":"http:\/\/www.namnewsnetwork.org\/es\/index.php?rest_route=\/wp\/v2\/posts\/41456\/revisions"}],"predecessor-version":[{"id":41463,"href":"http:\/\/www.namnewsnetwork.org\/es\/index.php?rest_route=\/wp\/v2\/posts\/41456\/revisions\/41463"}],"wp:featuredmedia":[{"embeddable":true,"href":"http:\/\/www.namnewsnetwork.org\/es\/index.php?rest_route=\/wp\/v2\/media\/41462"}],"wp:attachment":[{"href":"http:\/\/www.namnewsnetwork.org\/es\/index.php?rest_route=%2Fwp%2Fv2%2Fmedia&parent=41456"}],"wp:term":[{"taxonomy":"category","embeddable":true,"href":"http:\/\/www.namnewsnetwork.org\/es\/index.php?rest_route=%2Fwp%2Fv2%2Fcategories&post=41456"},{"taxonomy":"post_tag","embeddable":true,"href":"http:\/\/www.namnewsnetwork.org\/es\/index.php?rest_route=%2Fwp%2Fv2%2Ftags&post=41456"}],"curies":[{"name":"wp","href":"https:\/\/api.w.org\/{rel}","templated":true}]}}