{"id":41418,"date":"2020-10-12T23:52:57","date_gmt":"2020-10-12T15:52:57","guid":{"rendered":"http:\/\/www.namnewsnetwork.org\/es\/?p=41418"},"modified":"2020-10-12T23:52:58","modified_gmt":"2020-10-12T15:52:58","slug":"tunez-acoge-el-foro-de-dialogo-politico-libio","status":"publish","type":"post","link":"http:\/\/www.namnewsnetwork.org\/es\/?p=41418","title":{"rendered":"T\u00fanez acoge el Foro de di\u00e1logo pol\u00edtico libio"},"content":{"rendered":"\n<p>T\u00daNEZ, 12 de octubre (NNN-AGENCIAS) &#8212; Anunciamos la reanudaci\u00f3n de amplias conversaciones libias-libias, despu\u00e9s de semanas de intensas discusiones con las principales partes interesadas en Bouznika, Marruecos, El Cairo y Montreux, Suiza, dijo el pasado s\u00e1bado la misi\u00f3n de la ONU en un comunicado.<\/p>\n\n\n\n<p>La Misi\u00f3n de Apoyo de las Naciones Unidas en Libia revel\u00f3 que el Foro de Di\u00e1logo Pol\u00edtico de la naci\u00f3n \u00e1rabe comenzar\u00e1 a principios de noviembre en T\u00fanez, despu\u00e9s  de semanas de consultas llevadas a cabo entre las partes locales e internacionales.<\/p>\n\n\n\n<p>Anunciamos la reanudaci\u00f3n de amplias conversaciones libias-libias, despu\u00e9s de semanas de intensas discusiones con las principales partes interesadas en Bouznika, Marruecos, El Cairo y Montreux, Suiza, dijo el s\u00e1bado la misi\u00f3n de la ONU en un comunicado.<\/p>\n\n\n\n<p>La misi\u00f3n expres\u00f3 su agradecimiento a T\u00fanez por albergar la primera reuni\u00f3n del Foro de Di\u00e1logo Pol\u00edtico Libio.<\/p>\n\n\n\n<p>Explic\u00f3 que el Foro &#8220;busca  lograr una visi\u00f3n unificada sobre el marco de gobernanza y los arreglos que conducir\u00e1n a la celebraci\u00f3n de elecciones nacionales en el plazo m\u00e1s breve posible, a fin de recuperar  la soberan\u00eda de Libia y la legitimidad democr\u00e1tica de las instituciones libias&#8221;.<\/p>\n\n\n\n<p>La misi\u00f3n tambi\u00e9n confirm\u00f3 que, &#8220;en respuesta a la demanda de la mayor\u00eda de los libios, los invitados a participar en el Foro se abstienen de asumir posiciones pol\u00edticas o soberanas en cualquier nuevo arreglo para la autoridad ejecutiva&#8221;.<\/p>\n\n\n\n<p>Antes de sostener conversaciones pol\u00edticas directas en T\u00fanez, la misi\u00f3n reunir\u00e1 a los participantes del foro en reuniones preparatorias el 26 de octubre, seg\u00fan el comunicado.<\/p>\n\n\n\n<p>Es de destacar que las dos partes en el conflicto libio, hace unos d\u00edas, anunciaron que hab\u00edan alcanzado &#8220;entendimientos amplios&#8221; sobre las instituciones soberanas, al final de la segunda ronda de di\u00e1logo en Marruecos.<br>\n&#8212; NNN-AGENCIAS<\/p>\n","protected":false},"excerpt":{"rendered":"<p>T\u00daNEZ, 12 de octubre (NNN-AGENCIAS) &#8212; Anunciamos la reanudaci\u00f3n de amplias conversaciones libias-libias, despu\u00e9s de semanas de intensas discusiones con las principales partes interesadas en Bouznika, Marruecos, El Cairo y Montreux, Suiza, dijo el pasado s\u00e1bado la misi\u00f3n de la ONU en un comunicado. La Misi\u00f3n de Apoyo de las Naciones Unidas en Libia revel\u00f3 [&hellip;]<\/p>\n","protected":false},"author":2,"featured_media":41426,"comment_status":"closed","ping_status":"closed","sticky":false,"template":"","format":"standard","meta":[],"categories":[217,276,211],"tags":[],"_links":{"self":[{"href":"http:\/\/www.namnewsnetwork.org\/es\/index.php?rest_route=\/wp\/v2\/posts\/41418"}],"collection":[{"href":"http:\/\/www.namnewsnetwork.org\/es\/index.php?rest_route=\/wp\/v2\/posts"}],"about":[{"href":"http:\/\/www.namnewsnetwork.org\/es\/index.php?rest_route=\/wp\/v2\/types\/post"}],"author":[{"embeddable":true,"href":"http:\/\/www.namnewsnetwork.org\/es\/index.php?rest_route=\/wp\/v2\/users\/2"}],"replies":[{"embeddable":true,"href":"http:\/\/www.namnewsnetwork.org\/es\/index.php?rest_route=%2Fwp%2Fv2%2Fcomments&post=41418"}],"version-history":[{"count":1,"href":"http:\/\/www.namnewsnetwork.org\/es\/index.php?rest_route=\/wp\/v2\/posts\/41418\/revisions"}],"predecessor-version":[{"id":41427,"href":"http:\/\/www.namnewsnetwork.org\/es\/index.php?rest_route=\/wp\/v2\/posts\/41418\/revisions\/41427"}],"wp:featuredmedia":[{"embeddable":true,"href":"http:\/\/www.namnewsnetwork.org\/es\/index.php?rest_route=\/wp\/v2\/media\/41426"}],"wp:attachment":[{"href":"http:\/\/www.namnewsnetwork.org\/es\/index.php?rest_route=%2Fwp%2Fv2%2Fmedia&parent=41418"}],"wp:term":[{"taxonomy":"category","embeddable":true,"href":"http:\/\/www.namnewsnetwork.org\/es\/index.php?rest_route=%2Fwp%2Fv2%2Fcategories&post=41418"},{"taxonomy":"post_tag","embeddable":true,"href":"http:\/\/www.namnewsnetwork.org\/es\/index.php?rest_route=%2Fwp%2Fv2%2Ftags&post=41418"}],"curies":[{"name":"wp","href":"https:\/\/api.w.org\/{rel}","templated":true}]}}