{"id":40802,"date":"2020-09-30T12:04:17","date_gmt":"2020-09-30T04:04:17","guid":{"rendered":"http:\/\/www.namnewsnetwork.org\/es\/?p=40802"},"modified":"2020-09-30T12:04:19","modified_gmt":"2020-09-30T04:04:19","slug":"armenia-acusa-a-turquia-de-derribar-uno-de-sus-cazas-sujoi-su-25","status":"publish","type":"post","link":"http:\/\/www.namnewsnetwork.org\/es\/?p=40802","title":{"rendered":"Armenia acusa a Turqu\u00eda de derribar uno de sus cazas Sujoi Su-25"},"content":{"rendered":"\n<p>EREV\u00c1N, 30 de septiembre (NNN-HISPANTV) &#8212; Una portavoz del Ministerio de Defensa de Armenia comunic\u00f3 el martes que uno de sus cazas Sujoi Su-25 estaba en misi\u00f3n militar cuando fue derribado por un F-16 de la fuerza a\u00e9rea turca, en el tercer d\u00eda de intensos combates con Azerbaiy\u00e1n en la regi\u00f3n de Nagorno Karabaj.<\/p>\n\n\n\n<p>\u201cUna aeronave de la Fuerza A\u00e9rea de Armenia, un Su-25, fue abatida por un avi\u00f3n de combate turco F-16\u201d, ha informado a trav\u00e9s de Facebook la portavoz castrense armenia, Shushan Stepanyan.<\/p>\n\n\n\n<p>Tras se\u00f1alar que el piloto armenio pereci\u00f3 \u201cde forma heroica\u201d, Stepanyan ha explicado que el F-16 turco \u201cdespeg\u00f3 de un aeropuerto en la ciudad azerbaiyana de Ganja y apoy\u00f3 a la aviaci\u00f3n azerbaiyana y a los drones que bombardearon aldeas civiles armenias en Vardenis, Mets Masrik y Sotk\u201d.<\/p>\n\n\n\n<p>Tras las declaraciones de Stepanyan, tanto Turqu\u00eda como Azerbaiy\u00e1n han negado los hechos. El director de Comunicaci\u00f3n de la Presidencia turca, Fahrettin Altun, ha dicho que la acusaci\u00f3n era \u201cabsolutamente falsa\u201d y que \u201cArmenia deber\u00eda retirarse de los territorios ocupados, en lugar de recurrir a trucos de propaganda baratos\u201d.<\/p>\n\n\n\n<p>Armenia advierte con responder con misiles rusos Iskander a los cazas F-16 de Turqu\u00eda, que ayuda a Azerbaiy\u00e1n en el conflicto por la regi\u00f3n de Nagorno Karabaj.<br>&nbsp;<br>No obstante, despu\u00e9s de tres d\u00edas de combates en Nagorno Karabaj, el Kremlin ha pedido este martes a Turqu\u00eda que se abstenga de \u201cechar m\u00e1s le\u00f1a al fuego\u201d y que trabaje por la paz en la regi\u00f3n.&nbsp;<\/p>\n\n\n\n<p>Nagorno Karabaj anunci\u00f3 el domingo la movilizaci\u00f3n general y el estado de guerra, tras una serie de incidentes en esa regi\u00f3n en disputa entre Armenia y Azerbaiy\u00e1n. Asegura que han recuperado las posiciones perdidas el d\u00eda anterior, lo que Azerbaiy\u00e1n niega, afirmando que hicieron nuevos progresos.<\/p>\n\n\n\n<p>El balance oficial de los enfrentamientos se eleva a 97 muertos este martes, a saber 80 soldados separatistas y 17 civiles: 12 en Azerbaiy\u00e1n y cinco en lado armenio. Pero ambos bandos afirman que han matado a cientos de militares enemigos.<\/p>\n\n\n\n<p>Azerbaiy\u00e1n exige el retorno bajo su control de Nagorno Karabaj, una provincia monta\u00f1osa poblada principalmente por armenios cristianos, cuya secesi\u00f3n en 1991 no fue reconocida por la comunidad internacional.<\/p>\n\n\n\n<p>Tras semanas de ret\u00f3rica b\u00e9lica, Bak\u00fa anunci\u00f3 el domingo que hab\u00eda lanzado una importante \u201ccontraofensiva\u201d en respuesta a una supuesta \u201cagresi\u00f3n\u201d armenia, utilizando artiller\u00eda, tanques y aviones en los ataques contra la provincia, que no controla desde la ca\u00edda de la Uni\u00f3n Sovi\u00e9tica y una guerra que se cobr\u00f3 30 000 vidas.&nbsp;<\/p>\n\n\n\n<p>Seg\u00fan los expertos en temas regionales, este prolongado conflicto por Nagorno Karabaj solo se resolver\u00e1 por medio del di\u00e1logo, ya que las confrontaciones militares solo agravan a\u00fan m\u00e1s la situaci\u00f3n.&nbsp;<\/p>\n\n\n\n<p>Advierten, adem\u00e1s, de que los pueblos de Azerbaiy\u00e1n y Armenia son v\u00edctimas de un conflicto alimentado por ciertos actores extranjeros, y acusan al r\u00e9gimen sionista de crear una rivalidad falsa y deliberada entre estos dos pa\u00edses para propiciar un acercamiento al r\u00e9gimen israel\u00ed, vender armas y, creando caos en la zona, tratar de desestabilizar la frontera iran\u00ed.<br>&#8212; NNN-AGENCIAS<\/p>\n","protected":false},"excerpt":{"rendered":"<p>EREV\u00c1N, 30 de septiembre (NNN-HISPANTV) &#8212; Una portavoz del Ministerio de Defensa de Armenia comunic\u00f3 el martes que uno de sus cazas Sujoi Su-25 estaba en misi\u00f3n militar cuando fue derribado por un F-16 de la fuerza a\u00e9rea turca, en el tercer d\u00eda de intensos combates con Azerbaiy\u00e1n en la regi\u00f3n de Nagorno Karabaj. \u201cUna [&hellip;]<\/p>\n","protected":false},"author":2,"featured_media":40806,"comment_status":"closed","ping_status":"closed","sticky":false,"template":"","format":"standard","meta":[],"categories":[274,208,211],"tags":[],"_links":{"self":[{"href":"http:\/\/www.namnewsnetwork.org\/es\/index.php?rest_route=\/wp\/v2\/posts\/40802"}],"collection":[{"href":"http:\/\/www.namnewsnetwork.org\/es\/index.php?rest_route=\/wp\/v2\/posts"}],"about":[{"href":"http:\/\/www.namnewsnetwork.org\/es\/index.php?rest_route=\/wp\/v2\/types\/post"}],"author":[{"embeddable":true,"href":"http:\/\/www.namnewsnetwork.org\/es\/index.php?rest_route=\/wp\/v2\/users\/2"}],"replies":[{"embeddable":true,"href":"http:\/\/www.namnewsnetwork.org\/es\/index.php?rest_route=%2Fwp%2Fv2%2Fcomments&post=40802"}],"version-history":[{"count":1,"href":"http:\/\/www.namnewsnetwork.org\/es\/index.php?rest_route=\/wp\/v2\/posts\/40802\/revisions"}],"predecessor-version":[{"id":40807,"href":"http:\/\/www.namnewsnetwork.org\/es\/index.php?rest_route=\/wp\/v2\/posts\/40802\/revisions\/40807"}],"wp:featuredmedia":[{"embeddable":true,"href":"http:\/\/www.namnewsnetwork.org\/es\/index.php?rest_route=\/wp\/v2\/media\/40806"}],"wp:attachment":[{"href":"http:\/\/www.namnewsnetwork.org\/es\/index.php?rest_route=%2Fwp%2Fv2%2Fmedia&parent=40802"}],"wp:term":[{"taxonomy":"category","embeddable":true,"href":"http:\/\/www.namnewsnetwork.org\/es\/index.php?rest_route=%2Fwp%2Fv2%2Fcategories&post=40802"},{"taxonomy":"post_tag","embeddable":true,"href":"http:\/\/www.namnewsnetwork.org\/es\/index.php?rest_route=%2Fwp%2Fv2%2Ftags&post=40802"}],"curies":[{"name":"wp","href":"https:\/\/api.w.org\/{rel}","templated":true}]}}