{"id":40761,"date":"2020-09-29T11:58:49","date_gmt":"2020-09-29T03:58:49","guid":{"rendered":"http:\/\/www.namnewsnetwork.org\/es\/?p=40761"},"modified":"2020-09-29T11:58:50","modified_gmt":"2020-09-29T03:58:50","slug":"aseguran-que-talibanes-disminuyeron-ataques-en-afganistan","status":"publish","type":"post","link":"http:\/\/www.namnewsnetwork.org\/es\/?p=40761","title":{"rendered":"Aseguran que talibanes disminuyeron ataques en Afganist\u00e1n"},"content":{"rendered":"\n<p>KABUL, 29 de septiembre (NNN-PRENSA LATINA) &#8212; Desde fines de febrero pasado el grupo armado Talib\u00e1n disminuy\u00f3 su actividad militar en Afganist\u00e1n, asegur\u00f3 el lunes el portavoz del autodenominado Emirato Isl\u00e1mico de Afganist\u00e1n (EIA), Abdul Salam Hanafi.<\/p>\n\n\n\n<p>El vocero argument\u00f3 que en 2020 su organizaci\u00f3n no protagoniz\u00f3 su acostumbrada ofensiva de primavera y tambi\u00e9n soslay\u00f3 ataques contra capitales provinciales y ciudades importantes afganas.<\/p>\n\n\n\n<p>Precis\u00f3 que la decisi\u00f3n de los talibanes de restringir las misiones de sus guerrillas da respuesta a la firma de un acuerdo con Estados Unidos de romper relaciones con Al Qaeda a cambio de la retirada de las fuerzas extranjeras de aqu\u00ed.<\/p>\n\n\n\n<p>Record\u00f3 que la letra del pacto entre el EIA y Washington fue sellada en Doha, Qatar y data del pasado 29 de febrero.<\/p>\n\n\n\n<p>El portal afgano de noticias Jaama Press record\u00f3 que representantes talibanes y del gobierno del presidente Ashraf Ghani desarrollan desde hace 16 d\u00edas en Doha, conversaciones de paz.<br>&#8212; NNN-PRENSA LATINA<\/p>\n","protected":false},"excerpt":{"rendered":"<p>KABUL, 29 de septiembre (NNN-PRENSA LATINA) &#8212; Desde fines de febrero pasado el grupo armado Talib\u00e1n disminuy\u00f3 su actividad militar en Afganist\u00e1n, asegur\u00f3 el lunes el portavoz del autodenominado Emirato Isl\u00e1mico de Afganist\u00e1n (EIA), Abdul Salam Hanafi. El vocero argument\u00f3 que en 2020 su organizaci\u00f3n no protagoniz\u00f3 su acostumbrada ofensiva de primavera y tambi\u00e9n soslay\u00f3 [&hellip;]<\/p>\n","protected":false},"author":2,"featured_media":40762,"comment_status":"closed","ping_status":"closed","sticky":false,"template":"","format":"standard","meta":[],"categories":[274,208,211],"tags":[],"_links":{"self":[{"href":"http:\/\/www.namnewsnetwork.org\/es\/index.php?rest_route=\/wp\/v2\/posts\/40761"}],"collection":[{"href":"http:\/\/www.namnewsnetwork.org\/es\/index.php?rest_route=\/wp\/v2\/posts"}],"about":[{"href":"http:\/\/www.namnewsnetwork.org\/es\/index.php?rest_route=\/wp\/v2\/types\/post"}],"author":[{"embeddable":true,"href":"http:\/\/www.namnewsnetwork.org\/es\/index.php?rest_route=\/wp\/v2\/users\/2"}],"replies":[{"embeddable":true,"href":"http:\/\/www.namnewsnetwork.org\/es\/index.php?rest_route=%2Fwp%2Fv2%2Fcomments&post=40761"}],"version-history":[{"count":1,"href":"http:\/\/www.namnewsnetwork.org\/es\/index.php?rest_route=\/wp\/v2\/posts\/40761\/revisions"}],"predecessor-version":[{"id":40763,"href":"http:\/\/www.namnewsnetwork.org\/es\/index.php?rest_route=\/wp\/v2\/posts\/40761\/revisions\/40763"}],"wp:featuredmedia":[{"embeddable":true,"href":"http:\/\/www.namnewsnetwork.org\/es\/index.php?rest_route=\/wp\/v2\/media\/40762"}],"wp:attachment":[{"href":"http:\/\/www.namnewsnetwork.org\/es\/index.php?rest_route=%2Fwp%2Fv2%2Fmedia&parent=40761"}],"wp:term":[{"taxonomy":"category","embeddable":true,"href":"http:\/\/www.namnewsnetwork.org\/es\/index.php?rest_route=%2Fwp%2Fv2%2Fcategories&post=40761"},{"taxonomy":"post_tag","embeddable":true,"href":"http:\/\/www.namnewsnetwork.org\/es\/index.php?rest_route=%2Fwp%2Fv2%2Ftags&post=40761"}],"curies":[{"name":"wp","href":"https:\/\/api.w.org\/{rel}","templated":true}]}}