{"id":40686,"date":"2020-09-27T23:23:23","date_gmt":"2020-09-27T15:23:23","guid":{"rendered":"http:\/\/www.namnewsnetwork.org\/es\/?p=40686"},"modified":"2020-09-27T23:23:24","modified_gmt":"2020-09-27T15:23:24","slug":"india-solicita-su-ingreso-al-consejo-de-seguridad-de-la-onu","status":"publish","type":"post","link":"http:\/\/www.namnewsnetwork.org\/es\/?p=40686","title":{"rendered":"India solicita su ingreso al Consejo de Seguridad de la ONU"},"content":{"rendered":"\n<p>NUEVA DELHI, 27 de septiembre (NNN-TELESUR) &#8212; El primer ministro de India, Narendra Modi, se pronunci\u00f3 el s\u00e1bado por una reforma de Naciones Unidas y destac\u00f3 el papel que ha tenido su pa\u00eds en el fortalecimiento de la organizaci\u00f3n por lo cual pidi\u00f3 su ingreso en el Consejo de Seguridad como miembro permanente.<\/p>\n\n\n\n<div class=\"wp-block-image\"><figure class=\"alignright is-resized\"><img loading=\"lazy\" src=\"http:\/\/www.namnewsnetwork.org\/es\/wp-content\/uploads\/2020\/09\/India-solicita-su-ingreso-al-Consejo-de-Seguridad-de-la-ONU.jpg\" alt=\"\" class=\"wp-image-40694\" width=\"326\" height=\"184\" srcset=\"http:\/\/www.namnewsnetwork.org\/es\/wp-content\/uploads\/2020\/09\/India-solicita-su-ingreso-al-Consejo-de-Seguridad-de-la-ONU.jpg 420w, http:\/\/www.namnewsnetwork.org\/es\/wp-content\/uploads\/2020\/09\/India-solicita-su-ingreso-al-Consejo-de-Seguridad-de-la-ONU-300x169.jpg 300w\" sizes=\"(max-width: 326px) 100vw, 326px\" \/><figcaption> Foto: Twitter @Indembarg <\/figcaption><\/figure><\/div>\n\n\n\n<p>\u201cHoy el pueblo de India est\u00e1 preocupado si este proceso de reforma (de la ONU) alguna vez llegar\u00e1 a su conclusi\u00f3n l\u00f3gica. \u00bfDurante cu\u00e1nto tiempo se mantendr\u00e1 a India fuera de las estructuras de toma de decisiones de las Naciones Unidas? &#8220;, cuestion\u00f3 Modi.<\/p>\n\n\n\n<p>Al participar en la 75 Asamblea General de las Naciones Unidas, el premier subray\u00f3 que es un hecho que la fe y el respeto que la ONU disfruta entre los 1.300 millones de personas en la India no tiene paralelo, se\u00f1al\u00f3.<\/p>\n\n\n\n<p>\u201cCuando \u00e9ramos fuertes, nunca fuimos una amenaza para el mundo. Cuando \u00e9ramos d\u00e9biles, nunca nos convertimos en una carga para el mundo. \u00bfCu\u00e1nto tiempo tendr\u00eda que esperar un pa\u00eds, especialmente cuando los cambios transformadores que est\u00e1n ocurriendo en ese pa\u00eds afectan a una gran parte del mundo? \u201d.<\/p>\n\n\n\n<p>\u201cEste es un pa\u00eds que tiene cientos de idiomas, cientos de dialectos, muchas sectas y muchas ideolog\u00edas. Este es un pa\u00eds que fue una econom\u00eda mundial l\u00edder durante siglos y tambi\u00e9n uno que ha soportado cientos de a\u00f1os de dominio extranjero&#8221;, acot\u00f3  Modi.<\/p>\n\n\n\n<p>Tambi\u00e9n se refiri\u00f3 a las contribuciones de la India a unas 50 misiones de paz de la ONU durante d\u00e9cadas.<\/p>\n\n\n\n<p>\u201cIndia siempre ha dado prioridad al bienestar del mundo entero. India es el pa\u00eds que envi\u00f3 a sus valientes soldados a unas 50 misiones de mantenimiento de la paz en todo el mundo para mantener la paz&#8221;, subray\u00f3. <\/p>\n\n\n\n<p>&#8220;India es ese pa\u00eds, que en el curso del mantenimiento de la paz, ha perdido el m\u00e1ximo n\u00famero de sus valientes soldados. Hoy cada indio, al ver la contribuci\u00f3n de India en las Naciones Unidas, aspira a un papel ampliado de India en las Naciones Unidas\u201d, asever\u00f3.<\/p>\n\n\n\n<p>Salvo China, los otros cuatro miembros permanentes del Consejo de Seguridad de la ONU han expresado su apoyo a la candidatura de India para un puesto permanente en el Consejo de Seguridad.<\/p>\n\n\n\n<p>El discurso del primer ministro Modi se produjo antes de que India tomara un asiento en el poderoso Consejo de Seguridad de la ONU como miembro no permanente electo durante dos a\u00f1os a partir del 1 de enero de 2021.<\/p>\n\n\n\n<p>India, en tanto que mayor productor de vacunas del mundo, utilizar\u00e1 sus recursos &#8220;para toda la humanidad&#8221; en la batalla contra el coronavirus, asegur\u00f3 el primer ministro indio en su discurso virtual ante la Asamblea general de la ONU.<\/p>\n\n\n\n<p>&#8220;En tanto que mayor productor de vacunas del mundo (\u2026.) la producci\u00f3n de vacunas de India y la capacidad de distribuirlas se realizar\u00e1n para ayudar a toda la humanidad en su lucha contra esta crisis&#8221; afirm\u00f3 Modi.<br>\n&#8212; NNN-TELESUR<\/p>\n","protected":false},"excerpt":{"rendered":"<p>NUEVA DELHI, 27 de septiembre (NNN-TELESUR) &#8212; El primer ministro de India, Narendra Modi, se pronunci\u00f3 el s\u00e1bado por una reforma de Naciones Unidas y destac\u00f3 el papel que ha tenido su pa\u00eds en el fortalecimiento de la organizaci\u00f3n por lo cual pidi\u00f3 su ingreso en el Consejo de Seguridad como miembro permanente. \u201cHoy el [&hellip;]<\/p>\n","protected":false},"author":2,"featured_media":40694,"comment_status":"closed","ping_status":"closed","sticky":false,"template":"","format":"standard","meta":[],"categories":[274,208,211],"tags":[],"_links":{"self":[{"href":"http:\/\/www.namnewsnetwork.org\/es\/index.php?rest_route=\/wp\/v2\/posts\/40686"}],"collection":[{"href":"http:\/\/www.namnewsnetwork.org\/es\/index.php?rest_route=\/wp\/v2\/posts"}],"about":[{"href":"http:\/\/www.namnewsnetwork.org\/es\/index.php?rest_route=\/wp\/v2\/types\/post"}],"author":[{"embeddable":true,"href":"http:\/\/www.namnewsnetwork.org\/es\/index.php?rest_route=\/wp\/v2\/users\/2"}],"replies":[{"embeddable":true,"href":"http:\/\/www.namnewsnetwork.org\/es\/index.php?rest_route=%2Fwp%2Fv2%2Fcomments&post=40686"}],"version-history":[{"count":1,"href":"http:\/\/www.namnewsnetwork.org\/es\/index.php?rest_route=\/wp\/v2\/posts\/40686\/revisions"}],"predecessor-version":[{"id":40695,"href":"http:\/\/www.namnewsnetwork.org\/es\/index.php?rest_route=\/wp\/v2\/posts\/40686\/revisions\/40695"}],"wp:featuredmedia":[{"embeddable":true,"href":"http:\/\/www.namnewsnetwork.org\/es\/index.php?rest_route=\/wp\/v2\/media\/40694"}],"wp:attachment":[{"href":"http:\/\/www.namnewsnetwork.org\/es\/index.php?rest_route=%2Fwp%2Fv2%2Fmedia&parent=40686"}],"wp:term":[{"taxonomy":"category","embeddable":true,"href":"http:\/\/www.namnewsnetwork.org\/es\/index.php?rest_route=%2Fwp%2Fv2%2Fcategories&post=40686"},{"taxonomy":"post_tag","embeddable":true,"href":"http:\/\/www.namnewsnetwork.org\/es\/index.php?rest_route=%2Fwp%2Fv2%2Ftags&post=40686"}],"curies":[{"name":"wp","href":"https:\/\/api.w.org\/{rel}","templated":true}]}}