{"id":40643,"date":"2020-09-26T23:44:36","date_gmt":"2020-09-26T15:44:36","guid":{"rendered":"http:\/\/www.namnewsnetwork.org\/es\/?p=40643"},"modified":"2020-09-26T23:44:38","modified_gmt":"2020-09-26T15:44:38","slug":"asean-mejora-la-capacidad-de-gestion-de-desastres","status":"publish","type":"post","link":"http:\/\/www.namnewsnetwork.org\/es\/?p=40643","title":{"rendered":"ASEAN mejora la capacidad de gesti\u00f3n de desastres"},"content":{"rendered":"\n<p>YAKARTA, 26 de septiembre (NNN-VNA) &#8212; La misi\u00f3n de Corea del Sur ante la ASEAN y el Centro de Coordinaci\u00f3n del bloque para la asistencia humanitaria en la gesti\u00f3n de desastres lanzaron el proyecto de est\u00e1ndares y certificaci\u00f3n de expertos en este campo.<\/p>\n\n\n\n<div class=\"wp-block-image\"><figure class=\"alignright is-resized\"><img loading=\"lazy\" src=\"http:\/\/www.namnewsnetwork.org\/es\/wp-content\/uploads\/2020\/09\/ASEAN-mejora-la-capacidad-de-gesti\u00f3n-de-desastres.jpg\" alt=\"\" class=\"wp-image-40653\" width=\"310\" height=\"199\" srcset=\"http:\/\/www.namnewsnetwork.org\/es\/wp-content\/uploads\/2020\/09\/ASEAN-mejora-la-capacidad-de-gesti\u00f3n-de-desastres.jpg 372w, http:\/\/www.namnewsnetwork.org\/es\/wp-content\/uploads\/2020\/09\/ASEAN-mejora-la-capacidad-de-gesti\u00f3n-de-desastres-300x193.jpg 300w\" sizes=\"(max-width: 310px) 100vw, 310px\" \/><figcaption> Delegados en el evento. (Foto: VNA) <\/figcaption><\/figure><\/div>\n\n\n\n<p>Con el objetivo de mejorar la capacidad de los expertos regionales en gesti\u00f3n de calamidades, el proyecto se ejecutar\u00e1 entre 2020 y 2023 a un costo total de 3,35 millones de d\u00f3lares, financiado por el Fondo de Cooperaci\u00f3n ASEAN-Corea del Sur.<\/p>\n\n\n\n<p>Al hablar en el acto de lanzamiento efectuado en l\u00ednea, el embajador de Corea del Sur ante la Asociaci\u00f3n de Naciones del Sudeste Asi\u00e1tico (ASEAN), Lim Sung-nam, expres\u00f3 su esperanza de que el sistema de gesti\u00f3n de desastres que utiliza la tecnolog\u00eda surcoreana contribuya a convertir a la ASEAN en una de las regiones l\u00edder a nivel mundial en este terreno para 2025.<\/p>\n\n\n\n<p>El secretario general de la ASEAN, Lim Jock Hoi, por su parte, elogi\u00f3 al gobierno de Se\u00fal por sus compromisos de contribuir a los esfuerzos liderados por el bloque, como el Fondo de Respuesta al COVID-19 y el proceso de repatriaci\u00f3n en el estado de Rakhine en Myanmar.<br>\n&#8212; NNN-VNA<\/p>\n","protected":false},"excerpt":{"rendered":"<p>YAKARTA, 26 de septiembre (NNN-VNA) &#8212; La misi\u00f3n de Corea del Sur ante la ASEAN y el Centro de Coordinaci\u00f3n del bloque para la asistencia humanitaria en la gesti\u00f3n de desastres lanzaron el proyecto de est\u00e1ndares y certificaci\u00f3n de expertos en este campo. Con el objetivo de mejorar la capacidad de los expertos regionales en [&hellip;]<\/p>\n","protected":false},"author":2,"featured_media":40653,"comment_status":"closed","ping_status":"closed","sticky":false,"template":"","format":"standard","meta":[],"categories":[274,208,211],"tags":[],"_links":{"self":[{"href":"http:\/\/www.namnewsnetwork.org\/es\/index.php?rest_route=\/wp\/v2\/posts\/40643"}],"collection":[{"href":"http:\/\/www.namnewsnetwork.org\/es\/index.php?rest_route=\/wp\/v2\/posts"}],"about":[{"href":"http:\/\/www.namnewsnetwork.org\/es\/index.php?rest_route=\/wp\/v2\/types\/post"}],"author":[{"embeddable":true,"href":"http:\/\/www.namnewsnetwork.org\/es\/index.php?rest_route=\/wp\/v2\/users\/2"}],"replies":[{"embeddable":true,"href":"http:\/\/www.namnewsnetwork.org\/es\/index.php?rest_route=%2Fwp%2Fv2%2Fcomments&post=40643"}],"version-history":[{"count":1,"href":"http:\/\/www.namnewsnetwork.org\/es\/index.php?rest_route=\/wp\/v2\/posts\/40643\/revisions"}],"predecessor-version":[{"id":40654,"href":"http:\/\/www.namnewsnetwork.org\/es\/index.php?rest_route=\/wp\/v2\/posts\/40643\/revisions\/40654"}],"wp:featuredmedia":[{"embeddable":true,"href":"http:\/\/www.namnewsnetwork.org\/es\/index.php?rest_route=\/wp\/v2\/media\/40653"}],"wp:attachment":[{"href":"http:\/\/www.namnewsnetwork.org\/es\/index.php?rest_route=%2Fwp%2Fv2%2Fmedia&parent=40643"}],"wp:term":[{"taxonomy":"category","embeddable":true,"href":"http:\/\/www.namnewsnetwork.org\/es\/index.php?rest_route=%2Fwp%2Fv2%2Fcategories&post=40643"},{"taxonomy":"post_tag","embeddable":true,"href":"http:\/\/www.namnewsnetwork.org\/es\/index.php?rest_route=%2Fwp%2Fv2%2Ftags&post=40643"}],"curies":[{"name":"wp","href":"https:\/\/api.w.org\/{rel}","templated":true}]}}