{"id":40262,"date":"2020-09-18T15:43:42","date_gmt":"2020-09-18T07:43:42","guid":{"rendered":"http:\/\/www.namnewsnetwork.org\/es\/?p=40262"},"modified":"2020-09-18T15:43:42","modified_gmt":"2020-09-18T07:43:42","slug":"wuhan-recibe-a-su-primer-vuelo-internacional-despues-de-ocho-meses","status":"publish","type":"post","link":"http:\/\/www.namnewsnetwork.org\/es\/?p=40262","title":{"rendered":"Wuhan recibe a su primer vuelo internacional despu\u00e9s de ocho meses"},"content":{"rendered":"\n<p>PEK\u00cdN, 18 de septiembre (NNN-ANDINA) &#8212; El primer vuelo internacional desde que estall\u00f3 la crisis del covid-19 en enero lleg\u00f3 el jueves a la ciudad china de Wuhan (centro), el epicentro de la pandemia mundial.<\/p>\n\n\n\n<p>China redujo dr\u00e1sticamente a finales de marzo los enlaces a\u00e9reos con el resto del mundo para limitar la llegada de viajeros que podr\u00edan provocar un rebrote de la epidemia en su territorio.<\/p>\n\n\n\n<p>Desde entonces, el gobierno consigui\u00f3 atajar la propagaci\u00f3n del virus con medidas de confinamiento, cuarentena, control y seguimiento de contagios, as\u00ed como el uso extendido de las mascarillas. Sus recuentos oficiales solo indican un pu\u00f1ado de nuevos casos diarios.<\/p>\n\n\n\n<p>Un avi\u00f3n de la aerol\u00ednea surcoreana de bajo costo T&#8217;way aterriz\u00f3 el mi\u00e9rcoles en el aeropuerto internacional Tianhe de Wuhan, con 60 pasajeros a bordo, indic\u00f3 la televisi\u00f3n p\u00fablica CCTV.<\/p>\n\n\n\n<p>La cadena televisiva difundi\u00f3 im\u00e1genes de viajeros con mascarillas, as\u00ed como polic\u00edas equipados con trajes de protecci\u00f3n integral, controlando pasaportes.<\/p>\n\n\n\n<p>Cerca de 3,900 personas han muerto oficialmente por covid-19 en Wuhan, es decir m\u00e1s del 80% de los 4,634 muertos contabilizados por China en su territorio.<\/p>\n\n\n\n<p>La ciudad estuvo sometida a una estricta cuarentena durante m\u00e1s de dos meses a partir del 23 de enero. La poblaci\u00f3n de la ciudad, 11 millones de habitantes, fue sometida luego a tests de contagio.<\/p>\n\n\n\n<p>Los pasajeros que lleguen a Wuhan desde el extranjero deber\u00e1n presentar un test negativo del covid-19 de menos de 72 horas, indic\u00f3 a la cadena CCTV Li Yizhuo, director de la Oficina municipal de la aviaci\u00f3n.<br>\n&#8212; NNN-ANDINA<\/p>\n","protected":false},"excerpt":{"rendered":"<p>PEK\u00cdN, 18 de septiembre (NNN-ANDINA) &#8212; El primer vuelo internacional desde que estall\u00f3 la crisis del covid-19 en enero lleg\u00f3 el jueves a la ciudad china de Wuhan (centro), el epicentro de la pandemia mundial. China redujo dr\u00e1sticamente a finales de marzo los enlaces a\u00e9reos con el resto del mundo para limitar la llegada de [&hellip;]<\/p>\n","protected":false},"author":2,"featured_media":40274,"comment_status":"closed","ping_status":"closed","sticky":false,"template":"","format":"standard","meta":[],"categories":[274,208,211],"tags":[],"_links":{"self":[{"href":"http:\/\/www.namnewsnetwork.org\/es\/index.php?rest_route=\/wp\/v2\/posts\/40262"}],"collection":[{"href":"http:\/\/www.namnewsnetwork.org\/es\/index.php?rest_route=\/wp\/v2\/posts"}],"about":[{"href":"http:\/\/www.namnewsnetwork.org\/es\/index.php?rest_route=\/wp\/v2\/types\/post"}],"author":[{"embeddable":true,"href":"http:\/\/www.namnewsnetwork.org\/es\/index.php?rest_route=\/wp\/v2\/users\/2"}],"replies":[{"embeddable":true,"href":"http:\/\/www.namnewsnetwork.org\/es\/index.php?rest_route=%2Fwp%2Fv2%2Fcomments&post=40262"}],"version-history":[{"count":1,"href":"http:\/\/www.namnewsnetwork.org\/es\/index.php?rest_route=\/wp\/v2\/posts\/40262\/revisions"}],"predecessor-version":[{"id":40275,"href":"http:\/\/www.namnewsnetwork.org\/es\/index.php?rest_route=\/wp\/v2\/posts\/40262\/revisions\/40275"}],"wp:featuredmedia":[{"embeddable":true,"href":"http:\/\/www.namnewsnetwork.org\/es\/index.php?rest_route=\/wp\/v2\/media\/40274"}],"wp:attachment":[{"href":"http:\/\/www.namnewsnetwork.org\/es\/index.php?rest_route=%2Fwp%2Fv2%2Fmedia&parent=40262"}],"wp:term":[{"taxonomy":"category","embeddable":true,"href":"http:\/\/www.namnewsnetwork.org\/es\/index.php?rest_route=%2Fwp%2Fv2%2Fcategories&post=40262"},{"taxonomy":"post_tag","embeddable":true,"href":"http:\/\/www.namnewsnetwork.org\/es\/index.php?rest_route=%2Fwp%2Fv2%2Ftags&post=40262"}],"curies":[{"name":"wp","href":"https:\/\/api.w.org\/{rel}","templated":true}]}}