{"id":40225,"date":"2020-09-17T18:43:54","date_gmt":"2020-09-17T10:43:54","guid":{"rendered":"http:\/\/www.namnewsnetwork.org\/es\/?p=40225"},"modified":"2020-09-17T18:43:55","modified_gmt":"2020-09-17T10:43:55","slug":"vietnam-concluye-dos-semanas-sin-muertes-por-covid-19","status":"publish","type":"post","link":"http:\/\/www.namnewsnetwork.org\/es\/?p=40225","title":{"rendered":"Vietnam concluye dos semanas sin muertes por COVID-19"},"content":{"rendered":"\n<p>HAN\u00d3I, 17 de septiembre (NNN-PRENSA LATINA) &#8212; La \u00faltima muerte por COVID-19 en Vietnam se produjo el 3 de este mes, con lo que el pa\u00eds cierra el jueves dos semanas sin v\u00edctimas mortales de la enfermedad, confirm\u00f3 la comisi\u00f3n encargada de contener la pandemia.<\/p>\n\n\n\n<p>Todos los fallecidos por aquella causa eran personas de la tercera edad y antes de adquirir el virus SARS-Cov-2 padec\u00edan de graves dolencias que impidieron su curaci\u00f3n.<\/p>\n\n\n\n<p>Hasta el 25 de julio Vietnam solo reportaba 417 enfermos, cero muertes y 99 d\u00edas sin transmisiones internas, pero ese d\u00eda se produjo en la central ciudad de Da Nang un rebrote del mal que se extendi\u00f3 a otros territorios y dispar\u00f3 las cifras hasta las actuales.<\/p>\n\n\n\n<p>Desde hace 15 d\u00edas los casos registrados desde la entrada del nuevo coronavirus a inicios de a\u00f1o se mantiene en mil 63, de los cuales m\u00e1s de la mitad est\u00e1n asociados directa o indirectamente con esa, la quinta m\u00e1s populosa urbe del pa\u00eds.<\/p>\n\n\n\n<p>Pero la situaci\u00f3n epidemiol\u00f3gica en Da Nang y otras ciudades y provincias ya est\u00e1 bajo control y el pa\u00eds se adentra en una fase de &#8216;nueva normalidad&#8217; que pasa por el relajamiento progresivo de las medidas de confinamiento y la reanimaci\u00f3n de las actividades econ\u00f3micas y sociales<\/p>\n\n\n\n<p>La comisi\u00f3n indic\u00f3 que el n\u00famero de pacientes restablecidos asciende a 936 (88 por ciento del total), una cantidad pudiera aumentar en los pr\u00f3ximos d\u00edas porque entre los a\u00fan hospitalizados, 30 dieron negativo a tres pruebas de detecci\u00f3n del virus.<\/p>\n\n\n\n<p>Actualmente m\u00e1s de 32 mil personas cumplen cuarentena o est\u00e1n bajo seguimiento m\u00e9dico en centros especializados o en sus casas, casi todas repatriadas desde otras naciones.<br>\n&#8212; NNN-PRENSA LATINA<\/p>\n","protected":false},"excerpt":{"rendered":"<p>HAN\u00d3I, 17 de septiembre (NNN-PRENSA LATINA) &#8212; La \u00faltima muerte por COVID-19 en Vietnam se produjo el 3 de este mes, con lo que el pa\u00eds cierra el jueves dos semanas sin v\u00edctimas mortales de la enfermedad, confirm\u00f3 la comisi\u00f3n encargada de contener la pandemia. Todos los fallecidos por aquella causa eran personas de la [&hellip;]<\/p>\n","protected":false},"author":2,"featured_media":40227,"comment_status":"closed","ping_status":"closed","sticky":false,"template":"","format":"standard","meta":[],"categories":[274,208,211,198],"tags":[],"_links":{"self":[{"href":"http:\/\/www.namnewsnetwork.org\/es\/index.php?rest_route=\/wp\/v2\/posts\/40225"}],"collection":[{"href":"http:\/\/www.namnewsnetwork.org\/es\/index.php?rest_route=\/wp\/v2\/posts"}],"about":[{"href":"http:\/\/www.namnewsnetwork.org\/es\/index.php?rest_route=\/wp\/v2\/types\/post"}],"author":[{"embeddable":true,"href":"http:\/\/www.namnewsnetwork.org\/es\/index.php?rest_route=\/wp\/v2\/users\/2"}],"replies":[{"embeddable":true,"href":"http:\/\/www.namnewsnetwork.org\/es\/index.php?rest_route=%2Fwp%2Fv2%2Fcomments&post=40225"}],"version-history":[{"count":1,"href":"http:\/\/www.namnewsnetwork.org\/es\/index.php?rest_route=\/wp\/v2\/posts\/40225\/revisions"}],"predecessor-version":[{"id":40228,"href":"http:\/\/www.namnewsnetwork.org\/es\/index.php?rest_route=\/wp\/v2\/posts\/40225\/revisions\/40228"}],"wp:featuredmedia":[{"embeddable":true,"href":"http:\/\/www.namnewsnetwork.org\/es\/index.php?rest_route=\/wp\/v2\/media\/40227"}],"wp:attachment":[{"href":"http:\/\/www.namnewsnetwork.org\/es\/index.php?rest_route=%2Fwp%2Fv2%2Fmedia&parent=40225"}],"wp:term":[{"taxonomy":"category","embeddable":true,"href":"http:\/\/www.namnewsnetwork.org\/es\/index.php?rest_route=%2Fwp%2Fv2%2Fcategories&post=40225"},{"taxonomy":"post_tag","embeddable":true,"href":"http:\/\/www.namnewsnetwork.org\/es\/index.php?rest_route=%2Fwp%2Fv2%2Ftags&post=40225"}],"curies":[{"name":"wp","href":"https:\/\/api.w.org\/{rel}","templated":true}]}}