{"id":40026,"date":"2020-09-13T23:49:01","date_gmt":"2020-09-13T15:49:01","guid":{"rendered":"http:\/\/www.namnewsnetwork.org\/es\/?p=40026"},"modified":"2020-09-13T23:49:02","modified_gmt":"2020-09-13T15:49:02","slug":"camboya-reafirma-postura-sobre-asuntos-del-mar-del-este","status":"publish","type":"post","link":"http:\/\/www.namnewsnetwork.org\/es\/?p=40026","title":{"rendered":"Camboya reafirma postura sobre asuntos del Mar del Este"},"content":{"rendered":"\n<p>NOM PEN, 13 de septiembre (NNN-VNA) &#8212; Camboya reafirm\u00f3 su postura acerca los asuntos relacionados con el Mar del Este durante un evento de divulgaci\u00f3n de comunicado sobre el XXVII Foro Regional de la ASEAN (ARF), efectuado en l\u00ednea por Vietnam, pa\u00eds que asume la presidencia del bloque regional en 2020.<\/p>\n\n\n\n<div class=\"wp-block-image\"><figure class=\"alignright is-resized\"><img loading=\"lazy\" src=\"http:\/\/www.namnewsnetwork.org\/es\/wp-content\/uploads\/2020\/09\/Camboya-reafirma-postura-sobre-asuntos-del-Mar-del-Este.jpg\" alt=\"\" class=\"wp-image-40036\" width=\"320\" height=\"188\" srcset=\"http:\/\/www.namnewsnetwork.org\/es\/wp-content\/uploads\/2020\/09\/Camboya-reafirma-postura-sobre-asuntos-del-Mar-del-Este.jpg 413w, http:\/\/www.namnewsnetwork.org\/es\/wp-content\/uploads\/2020\/09\/Camboya-reafirma-postura-sobre-asuntos-del-Mar-del-Este-300x177.jpg 300w\" sizes=\"(max-width: 320px) 100vw, 320px\" \/><figcaption>Prak Sokhonn. (Fuente:khmertimeskh.com) <\/figcaption><\/figure><\/div>\n\n\n\n<p>El viceprimer ministro y titular de Relaciones Exteriores y Cooperaci\u00f3n Internacional de Camboya, Prak Sokhonn, destac\u00f3 el s\u00e1bado que su pa\u00eds desea que el Mar del Este se mantenga como una zona de la paz, la estabilidad y la prosperidad, al mismo tiempo exhort\u00f3 a las partes concernientes a cumplir con eficacia la Declaraci\u00f3n sobre la Conducta de las Partes en esas aguas (DOC).<\/p>\n\n\n\n<p>Las partes deben continuar los di\u00e1logos con el fin de buscar las medidas pac\u00edficas para solucionar las disputas, de conformidad con las leyes internacionales, incluida la Convenci\u00f3n de la ONU sobre el Derecho del Mar de 1982 (UNCLOS), subray\u00f3.<\/p>\n\n\n\n<p>La jornada misma, el viceprimer ministro y canciller de Vietnam, Pham Binh Minh, presidi\u00f3 el ARF 27, durante el cual los participantes acordaron que hay numerosos incidentes relacionados con el Mar del Este que podr\u00edan afectar directamente la paz y la estabilidad de la regi\u00f3n.<\/p>\n\n\n\n<p>Por lo tanto, abogaron por que las partes competentes act\u00faen con moderaci\u00f3n y resuelvan los conflictos a trav\u00e9s de las medidas pac\u00edficas basadas en el derecho internacional y la UNCLOS.<\/p>\n\n\n\n<p>Adem\u00e1s, los ministros aplaudieron el compromiso de la Asociaci\u00f3n de Naciones del Sudeste de Asia (ASEAN) y China sobre la plena implementaci\u00f3n de DOC hacia la formaci\u00f3n de un C\u00f3digo de Conducta en el Mar del Este (COC) entre la agrupaci\u00f3n sudesteasi\u00e1tica y Beijing.<\/p>\n\n\n\n<p>El compromiso conjunto de los pa\u00edses de la ASEAN y China por elaborar un COC efectivo ser\u00e1 una herramienta para que todas las partes lleven a cabo los di\u00e1logos y la cooperaci\u00f3n conforme con el esp\u00edritu de construcci\u00f3n de confianza y diplomacia preventiva.<br>\n&#8212; NNN-VNA<\/p>\n","protected":false},"excerpt":{"rendered":"<p>NOM PEN, 13 de septiembre (NNN-VNA) &#8212; Camboya reafirm\u00f3 su postura acerca los asuntos relacionados con el Mar del Este durante un evento de divulgaci\u00f3n de comunicado sobre el XXVII Foro Regional de la ASEAN (ARF), efectuado en l\u00ednea por Vietnam, pa\u00eds que asume la presidencia del bloque regional en 2020. El viceprimer ministro y [&hellip;]<\/p>\n","protected":false},"author":2,"featured_media":40036,"comment_status":"closed","ping_status":"closed","sticky":false,"template":"","format":"standard","meta":[],"categories":[274,208,211],"tags":[],"_links":{"self":[{"href":"http:\/\/www.namnewsnetwork.org\/es\/index.php?rest_route=\/wp\/v2\/posts\/40026"}],"collection":[{"href":"http:\/\/www.namnewsnetwork.org\/es\/index.php?rest_route=\/wp\/v2\/posts"}],"about":[{"href":"http:\/\/www.namnewsnetwork.org\/es\/index.php?rest_route=\/wp\/v2\/types\/post"}],"author":[{"embeddable":true,"href":"http:\/\/www.namnewsnetwork.org\/es\/index.php?rest_route=\/wp\/v2\/users\/2"}],"replies":[{"embeddable":true,"href":"http:\/\/www.namnewsnetwork.org\/es\/index.php?rest_route=%2Fwp%2Fv2%2Fcomments&post=40026"}],"version-history":[{"count":1,"href":"http:\/\/www.namnewsnetwork.org\/es\/index.php?rest_route=\/wp\/v2\/posts\/40026\/revisions"}],"predecessor-version":[{"id":40037,"href":"http:\/\/www.namnewsnetwork.org\/es\/index.php?rest_route=\/wp\/v2\/posts\/40026\/revisions\/40037"}],"wp:featuredmedia":[{"embeddable":true,"href":"http:\/\/www.namnewsnetwork.org\/es\/index.php?rest_route=\/wp\/v2\/media\/40036"}],"wp:attachment":[{"href":"http:\/\/www.namnewsnetwork.org\/es\/index.php?rest_route=%2Fwp%2Fv2%2Fmedia&parent=40026"}],"wp:term":[{"taxonomy":"category","embeddable":true,"href":"http:\/\/www.namnewsnetwork.org\/es\/index.php?rest_route=%2Fwp%2Fv2%2Fcategories&post=40026"},{"taxonomy":"post_tag","embeddable":true,"href":"http:\/\/www.namnewsnetwork.org\/es\/index.php?rest_route=%2Fwp%2Fv2%2Ftags&post=40026"}],"curies":[{"name":"wp","href":"https:\/\/api.w.org\/{rel}","templated":true}]}}