{"id":39971,"date":"2020-09-12T23:50:24","date_gmt":"2020-09-12T15:50:24","guid":{"rendered":"http:\/\/www.namnewsnetwork.org\/es\/?p=39971"},"modified":"2020-09-12T23:50:27","modified_gmt":"2020-09-12T15:50:27","slug":"celebran-27-reunion-del-foro-regional-de-la-asean","status":"publish","type":"post","link":"http:\/\/www.namnewsnetwork.org\/es\/?p=39971","title":{"rendered":"Celebran 27 Reuni\u00f3n del Foro Regional de la ASEAN"},"content":{"rendered":"\n<p>HAN\u00d3I, 12 de septiembre (NNN-VNA) &#8212; El viceprimer ministro y titular de Relaciones Exteriores de Vietnam, Pham Binh Minh, presidi\u00f3 el s\u00e1bado la vigesimos\u00e9ptima Reuni\u00f3n del Foro Regional de la Asociaci\u00f3n de Naciones del Sudeste Asi\u00e1tico (ARF).<\/p>\n\n\n\n<div class=\"wp-block-image\"><figure class=\"alignright is-resized\"><img loading=\"lazy\" src=\"http:\/\/www.namnewsnetwork.org\/es\/wp-content\/uploads\/2020\/09\/Celebran-27-Reuni\u00f3n-del-Foro-Regional-de-la-ASEAN.jpg\" alt=\"\" class=\"wp-image-40011\" width=\"345\" height=\"222\" srcset=\"http:\/\/www.namnewsnetwork.org\/es\/wp-content\/uploads\/2020\/09\/Celebran-27-Reuni\u00f3n-del-Foro-Regional-de-la-ASEAN.jpg 372w, http:\/\/www.namnewsnetwork.org\/es\/wp-content\/uploads\/2020\/09\/Celebran-27-Reuni\u00f3n-del-Foro-Regional-de-la-ASEAN-300x193.jpg 300w\" sizes=\"(max-width: 345px) 100vw, 345px\" \/><figcaption>Pham Binh Minh preside la vigesimos\u00e9ptima Reuni\u00f3n del Foro Regional de la Asociaci\u00f3n de Naciones del Sudeste Asi\u00e1tico (ARF) (Fuente: VNA) <\/figcaption><\/figure><\/div>\n\n\n\n<p>El evento, realizado de forma virtual, cont\u00f3 con la participaci\u00f3n de cancilleres de 27 pa\u00edses, junto con el secretario general de la ASEAN.<\/p>\n\n\n\n<p>En su intervenci\u00f3n, Binh Minh hizo hincapi\u00e9 en la importancia del referido foro en el actual contexto de vaivenes en el mundo, e inst\u00f3 a promover su papel y contribuci\u00f3n en el mantenimiento del di\u00e1logo y la cooperaci\u00f3n, la creaci\u00f3n de confianza, el entendimiento mutuo y la coordinaci\u00f3n para responder a los desaf\u00edos existentes y emergentes, incluido la pandemia de COVID-19.<\/p>\n\n\n\n<p>Con respecto al asunto del Mar del Este, reafirm\u00f3 que la ASEAN se esforzar\u00e1 junto con China para cumplir con eficacia la Declaraci\u00f3n sobre la Conducta de las Partes Concernientes en esas aguas (DOC), as\u00ed como completar con rapidez un C\u00f3digo al respecto (COC).<\/p>\n\n\n\n<p>En la cita, los asistentes aprobaron el segundo Plan de Acci\u00f3n de Hanoi para el ARF, el cual establece las prioridades y orientaciones para la cooperaci\u00f3n en las actividades del foro en el per\u00edodo 2020-2025. Al finalizar la conferencia, se emiti\u00f3 la Declaraci\u00f3n de la misma.<\/p>\n\n\n\n<p>Con antelaci\u00f3n, los delegados abogaron por implementar medidas para generar confianza, acelerar la diplomacia preventiva y fortalecer la cooperaci\u00f3n en \u00e1reas prioritarias como la asistencia en casos de desastres naturales, la lucha contra el terrorismo y la delincuencia transnacional, la seguridad mar\u00edtima, el desarme nuclear y la oposici\u00f3n a la destrucci\u00f3n masiva. <\/p>\n\n\n\n<p>Despu\u00e9s de reiterar la importancia de la coordinaci\u00f3n entre el ARF y otros mecanismos del bloque regional, los participantes subrayaron la necesidad de actuar con moderaci\u00f3n para evitar tomar medidas que puedan complicar a\u00fan m\u00e1s la situaci\u00f3n, as\u00ed como no militarizar y resolver pac\u00edficamente las disputas sobre la base del derecho internacional, incluida la Convenci\u00f3n de las Naciones Unidas sobre el Derecho del Mar (UNCLOS) de 1982, marco legal que rige todas las actividades en los mares y oc\u00e9anos.<br>\n&#8212; NNN-VNA<\/p>\n","protected":false},"excerpt":{"rendered":"<p>HAN\u00d3I, 12 de septiembre (NNN-VNA) &#8212; El viceprimer ministro y titular de Relaciones Exteriores de Vietnam, Pham Binh Minh, presidi\u00f3 el s\u00e1bado la vigesimos\u00e9ptima Reuni\u00f3n del Foro Regional de la Asociaci\u00f3n de Naciones del Sudeste Asi\u00e1tico (ARF). El evento, realizado de forma virtual, cont\u00f3 con la participaci\u00f3n de cancilleres de 27 pa\u00edses, junto con el [&hellip;]<\/p>\n","protected":false},"author":2,"featured_media":40011,"comment_status":"closed","ping_status":"closed","sticky":false,"template":"","format":"standard","meta":[],"categories":[274,208,211],"tags":[],"_links":{"self":[{"href":"http:\/\/www.namnewsnetwork.org\/es\/index.php?rest_route=\/wp\/v2\/posts\/39971"}],"collection":[{"href":"http:\/\/www.namnewsnetwork.org\/es\/index.php?rest_route=\/wp\/v2\/posts"}],"about":[{"href":"http:\/\/www.namnewsnetwork.org\/es\/index.php?rest_route=\/wp\/v2\/types\/post"}],"author":[{"embeddable":true,"href":"http:\/\/www.namnewsnetwork.org\/es\/index.php?rest_route=\/wp\/v2\/users\/2"}],"replies":[{"embeddable":true,"href":"http:\/\/www.namnewsnetwork.org\/es\/index.php?rest_route=%2Fwp%2Fv2%2Fcomments&post=39971"}],"version-history":[{"count":1,"href":"http:\/\/www.namnewsnetwork.org\/es\/index.php?rest_route=\/wp\/v2\/posts\/39971\/revisions"}],"predecessor-version":[{"id":40012,"href":"http:\/\/www.namnewsnetwork.org\/es\/index.php?rest_route=\/wp\/v2\/posts\/39971\/revisions\/40012"}],"wp:featuredmedia":[{"embeddable":true,"href":"http:\/\/www.namnewsnetwork.org\/es\/index.php?rest_route=\/wp\/v2\/media\/40011"}],"wp:attachment":[{"href":"http:\/\/www.namnewsnetwork.org\/es\/index.php?rest_route=%2Fwp%2Fv2%2Fmedia&parent=39971"}],"wp:term":[{"taxonomy":"category","embeddable":true,"href":"http:\/\/www.namnewsnetwork.org\/es\/index.php?rest_route=%2Fwp%2Fv2%2Fcategories&post=39971"},{"taxonomy":"post_tag","embeddable":true,"href":"http:\/\/www.namnewsnetwork.org\/es\/index.php?rest_route=%2Fwp%2Fv2%2Ftags&post=39971"}],"curies":[{"name":"wp","href":"https:\/\/api.w.org\/{rel}","templated":true}]}}