{"id":39916,"date":"2020-09-10T23:53:00","date_gmt":"2020-09-10T15:53:00","guid":{"rendered":"http:\/\/www.namnewsnetwork.org\/es\/?p=39916"},"modified":"2020-09-10T23:53:03","modified_gmt":"2020-09-10T15:53:03","slug":"indonesia-expresa-preocupacion-por-aumento-de-tensiones-regionales","status":"publish","type":"post","link":"http:\/\/www.namnewsnetwork.org\/es\/?p=39916","title":{"rendered":"Indonesia expresa preocupaci\u00f3n por aumento de tensiones regionales"},"content":{"rendered":"\n<p>YAKARTA, 10 de septiembre (NNN-VNA) &#8212; La ministra de Relaciones Exteriores de Indonesia, Retno Marsudi, expres\u00f3 su preocupaci\u00f3n por las se\u00f1ales de aumento de las tensiones en la regi\u00f3n durante la octava Reuni\u00f3n de Cancilleres de Asia Oriental (EAS), celebrada de forma virtual.<\/p>\n\n\n\n<div class=\"wp-block-image\"><figure class=\"alignright is-resized\"><img loading=\"lazy\" src=\"http:\/\/www.namnewsnetwork.org\/es\/wp-content\/uploads\/2020\/09\/Indonesia-expresa-preocupaci\u00f3n-por-aumento-de-tensiones-regionales.jpg\" alt=\"\" class=\"wp-image-39926\" width=\"299\" height=\"192\" srcset=\"http:\/\/www.namnewsnetwork.org\/es\/wp-content\/uploads\/2020\/09\/Indonesia-expresa-preocupaci\u00f3n-por-aumento-de-tensiones-regionales.jpg 372w, http:\/\/www.namnewsnetwork.org\/es\/wp-content\/uploads\/2020\/09\/Indonesia-expresa-preocupaci\u00f3n-por-aumento-de-tensiones-regionales-300x193.jpg 300w\" sizes=\"(max-width: 299px) 100vw, 299px\" \/><figcaption>La ministra de Relaciones Exteriores de Indonesia, Retno Marsudi. (Fuente: VNA)<\/figcaption><\/figure><\/div>\n\n\n\n<p>La canciller del pa\u00eds del Sudeste Asi\u00e1tico precis\u00f3 que la situaci\u00f3n ha experimentado cambios geopol\u00edticos estrat\u00e9gicos que afectan la paz, estabilidad y prosperidad en Asia Oriental, en medio de la pandemia del COVID-19.<\/p>\n\n\n\n<p>En ese sentido, las rivalidades entre las grandes potencias contin\u00faan aumentando en muchos sectores y los pa\u00edses m\u00e1s peque\u00f1os quedan atrapados en el medio. Al mismo tiempo, varias naciones practican el unilateralismo y persiguen sus propios intereses.<\/p>\n\n\n\n<p>Ante esta situaci\u00f3n, Marsudi inst\u00f3 a los socios de EAS a reafirmar su compromiso de respetar el derecho internacional, abandonar las amenazas o el uso de la fuerza y resolver las disputas de manera pac\u00edfica.<\/p>\n\n\n\n<p>Adem\u00e1s, afirm\u00f3 que los pa\u00edses deben centrarse en promover una cooperaci\u00f3n m\u00e1s estrecha y en beneficio mutuo en la regi\u00f3n, como fomenta la Asociaci\u00f3n de naciones del Sudeste Asi\u00e1tico (ASEAN), fuerza impulsora con la Visi\u00f3n de la agrupaci\u00f3n sobre el Indo-Pac\u00edfico.<\/p>\n\n\n\n<p>Al mismo tiempo, la EAS necesita contribuir a fortalecer la resiliencia de la regi\u00f3n en el sector de la salud, lo que significa un acceso equitativo a la vacuna contra el virus SARS-CoV-2.<\/p>\n\n\n\n<p>La ministra anunci\u00f3 tambi\u00e9n que Indonesia acoger\u00e1 la Reuni\u00f3n de Expertos de la Salud de EAS el pr\u00f3ximo mes, en pos de identificar m\u00e1s actividades de cooperaci\u00f3n pr\u00e1ctica en la lucha contra la epidemia.<\/p>\n\n\n\n<p>Por \u00faltimo, Indonesia solicit\u00f3 a todos los pa\u00edses a respetar los principios ampliamente reconocidos del derecho internacional en el Mar del Este, incluida la Convenci\u00f3n de las Naciones Unidas sobre el Derecho del Mar (UNCLOS) de 1982.<\/p>\n\n\n\n<p>La canciller indonesia destac\u00f3, adem\u00e1s, que con motivo del 15 aniversario del establecimiento de EAS, la organizaci\u00f3n debe seguir siendo relevante y eficaz para responder a los desaf\u00edos globales y regionales en r\u00e1pido desarrollo.<br>\n&#8212; NNN-VNA<\/p>\n","protected":false},"excerpt":{"rendered":"<p>YAKARTA, 10 de septiembre (NNN-VNA) &#8212; La ministra de Relaciones Exteriores de Indonesia, Retno Marsudi, expres\u00f3 su preocupaci\u00f3n por las se\u00f1ales de aumento de las tensiones en la regi\u00f3n durante la octava Reuni\u00f3n de Cancilleres de Asia Oriental (EAS), celebrada de forma virtual. La canciller del pa\u00eds del Sudeste Asi\u00e1tico precis\u00f3 que la situaci\u00f3n ha [&hellip;]<\/p>\n","protected":false},"author":2,"featured_media":39926,"comment_status":"closed","ping_status":"closed","sticky":false,"template":"","format":"standard","meta":[],"categories":[274,208,211],"tags":[],"_links":{"self":[{"href":"http:\/\/www.namnewsnetwork.org\/es\/index.php?rest_route=\/wp\/v2\/posts\/39916"}],"collection":[{"href":"http:\/\/www.namnewsnetwork.org\/es\/index.php?rest_route=\/wp\/v2\/posts"}],"about":[{"href":"http:\/\/www.namnewsnetwork.org\/es\/index.php?rest_route=\/wp\/v2\/types\/post"}],"author":[{"embeddable":true,"href":"http:\/\/www.namnewsnetwork.org\/es\/index.php?rest_route=\/wp\/v2\/users\/2"}],"replies":[{"embeddable":true,"href":"http:\/\/www.namnewsnetwork.org\/es\/index.php?rest_route=%2Fwp%2Fv2%2Fcomments&post=39916"}],"version-history":[{"count":1,"href":"http:\/\/www.namnewsnetwork.org\/es\/index.php?rest_route=\/wp\/v2\/posts\/39916\/revisions"}],"predecessor-version":[{"id":39927,"href":"http:\/\/www.namnewsnetwork.org\/es\/index.php?rest_route=\/wp\/v2\/posts\/39916\/revisions\/39927"}],"wp:featuredmedia":[{"embeddable":true,"href":"http:\/\/www.namnewsnetwork.org\/es\/index.php?rest_route=\/wp\/v2\/media\/39926"}],"wp:attachment":[{"href":"http:\/\/www.namnewsnetwork.org\/es\/index.php?rest_route=%2Fwp%2Fv2%2Fmedia&parent=39916"}],"wp:term":[{"taxonomy":"category","embeddable":true,"href":"http:\/\/www.namnewsnetwork.org\/es\/index.php?rest_route=%2Fwp%2Fv2%2Fcategories&post=39916"},{"taxonomy":"post_tag","embeddable":true,"href":"http:\/\/www.namnewsnetwork.org\/es\/index.php?rest_route=%2Fwp%2Fv2%2Ftags&post=39916"}],"curies":[{"name":"wp","href":"https:\/\/api.w.org\/{rel}","templated":true}]}}