{"id":39597,"date":"2020-09-04T13:02:27","date_gmt":"2020-09-04T05:02:27","guid":{"rendered":"http:\/\/www.namnewsnetwork.org\/es\/?p=39597"},"modified":"2020-09-04T13:02:29","modified_gmt":"2020-09-04T05:02:29","slug":"gobierno-afgano-confirma-liberacion-de-casi-todos-los-talibanes","status":"publish","type":"post","link":"http:\/\/www.namnewsnetwork.org\/es\/?p=39597","title":{"rendered":"Gobierno afgano confirma liberaci\u00f3n de casi todos los talibanes"},"content":{"rendered":"\n<p>KABUL, 4 de septiembre (NNN-AGENCIAS) &#8212; Las autoridades de Afganist\u00e1n liberaron a casi todos los miembros del movimiento Talib\u00e1n, excepto varias personas cuya liberaci\u00f3n fue objetada oficialmente por varios Estados extranjeros, comunic\u00f3 el portavoz del Consejo de Seguridad Nacional del pa\u00eds, Javid Faisal.<\/p>\n\n\n\n<p>&#8220;La Rep\u00fablica Isl\u00e1mica de Afganist\u00e1n recibi\u00f3 a nuestros comandantes tomados como rehenes por el talib\u00e1n, despu\u00e9s de lo cual el Gobierno liber\u00f3 a los 400 convictos restantes, excepto algunos para los cuales nuestros socios tienen restricciones&#8221;, escribi\u00f3 Faisal en su cuenta de Twitter.<\/p>\n\n\n\n<p>Agreg\u00f3 que los esfuerzos diplom\u00e1ticos se llevan a cabo, expresando la esperanza de que las conversaciones directas entre las partes comiencen pronto.<\/p>\n\n\n\n<p>El 2 de septiembre, una fuente de las fuerzas de seguridad de Afganist\u00e1n inform\u00f3 que las autoridades del pa\u00eds planean liberar a todos los prisioneros talibanes salvo los que se sospechan de ataques mort\u00edferos y por lo tanto, a su liberaci\u00f3n se oponen Francia y Australia.<\/p>\n\n\n\n<p>A finales de febrero pasado, EE.UU. y los talibanes firmaron en Doha un acuerdo que, adem\u00e1s del recorte del contingente militar estadounidense en Afganist\u00e1n, estipulaba la liberaci\u00f3n de miles de prisioneros de ambos bandos para allanar el camino al di\u00e1logo interafgano.<\/p>\n\n\n\n<p>Sin embargo, el proceso de paz se atasc\u00f3 por varios meses, principalmente por dilaciones en el intercambio de prisioneros.<\/p>\n\n\n\n<p>El pasado 9 de agosto, la gran asamblea del pueblo afgano, Loya Yirga, recomend\u00f3 al presidente, Ashraf Ghani, excarcelar a los \u00faltimos 400 prisioneros de una lista de cinco mil presentada por los talibanes. Por tratarse de insurgentes acusados de delitos graves, el mandatario hab\u00eda dejado su liberaci\u00f3n en manos de la Loya Yirga.<\/p>\n\n\n\n<p>La decisi\u00f3n del Gobierno afgano iba a eliminar un \u00faltimo escollo ante las negociaciones con representantes talibanes en Doha. A mediados de agosto, sin embargo, los insurgentes reiteraron que no reconocen como gobierno a la administraci\u00f3n de Kabul, porque trabaja para continuar la ocupaci\u00f3n estadounidense, y solo aceptan negociaciones que abarquen a todas las partes del conflicto afgano.<br>&#8212; NNN-AGENCIAS<\/p>\n","protected":false},"excerpt":{"rendered":"<p>KABUL, 4 de septiembre (NNN-AGENCIAS) &#8212; Las autoridades de Afganist\u00e1n liberaron a casi todos los miembros del movimiento Talib\u00e1n, excepto varias personas cuya liberaci\u00f3n fue objetada oficialmente por varios Estados extranjeros, comunic\u00f3 el portavoz del Consejo de Seguridad Nacional del pa\u00eds, Javid Faisal. &#8220;La Rep\u00fablica Isl\u00e1mica de Afganist\u00e1n recibi\u00f3 a nuestros comandantes tomados como rehenes [&hellip;]<\/p>\n","protected":false},"author":2,"featured_media":39601,"comment_status":"closed","ping_status":"closed","sticky":false,"template":"","format":"standard","meta":[],"categories":[274,208,211],"tags":[],"_links":{"self":[{"href":"http:\/\/www.namnewsnetwork.org\/es\/index.php?rest_route=\/wp\/v2\/posts\/39597"}],"collection":[{"href":"http:\/\/www.namnewsnetwork.org\/es\/index.php?rest_route=\/wp\/v2\/posts"}],"about":[{"href":"http:\/\/www.namnewsnetwork.org\/es\/index.php?rest_route=\/wp\/v2\/types\/post"}],"author":[{"embeddable":true,"href":"http:\/\/www.namnewsnetwork.org\/es\/index.php?rest_route=\/wp\/v2\/users\/2"}],"replies":[{"embeddable":true,"href":"http:\/\/www.namnewsnetwork.org\/es\/index.php?rest_route=%2Fwp%2Fv2%2Fcomments&post=39597"}],"version-history":[{"count":1,"href":"http:\/\/www.namnewsnetwork.org\/es\/index.php?rest_route=\/wp\/v2\/posts\/39597\/revisions"}],"predecessor-version":[{"id":39602,"href":"http:\/\/www.namnewsnetwork.org\/es\/index.php?rest_route=\/wp\/v2\/posts\/39597\/revisions\/39602"}],"wp:featuredmedia":[{"embeddable":true,"href":"http:\/\/www.namnewsnetwork.org\/es\/index.php?rest_route=\/wp\/v2\/media\/39601"}],"wp:attachment":[{"href":"http:\/\/www.namnewsnetwork.org\/es\/index.php?rest_route=%2Fwp%2Fv2%2Fmedia&parent=39597"}],"wp:term":[{"taxonomy":"category","embeddable":true,"href":"http:\/\/www.namnewsnetwork.org\/es\/index.php?rest_route=%2Fwp%2Fv2%2Fcategories&post=39597"},{"taxonomy":"post_tag","embeddable":true,"href":"http:\/\/www.namnewsnetwork.org\/es\/index.php?rest_route=%2Fwp%2Fv2%2Ftags&post=39597"}],"curies":[{"name":"wp","href":"https:\/\/api.w.org\/{rel}","templated":true}]}}