{"id":39423,"date":"2020-09-01T11:36:17","date_gmt":"2020-09-01T03:36:17","guid":{"rendered":"http:\/\/www.namnewsnetwork.org\/es\/?p=39423"},"modified":"2020-09-01T11:36:19","modified_gmt":"2020-09-01T03:36:19","slug":"fallece-expresidente-de-la-india-pranab-mukherjee","status":"publish","type":"post","link":"http:\/\/www.namnewsnetwork.org\/es\/?p=39423","title":{"rendered":"Fallece expresidente de la India, Pranab Mukherjee"},"content":{"rendered":"\n<p>NUEVA DELHI, 1 de septiembre (NNN-TELESUR) &#8212; El expresidente de la India, Pranab Kumar Mukherjee quien gobernara el pa\u00eds asi\u00e1tico entre 2012 y 2017 falleci\u00f3 el lunes a la edad de 84 a\u00f1os en el Hospital Militar de Nueva Dehli.<\/p>\n\n\n\n<p>Mukherjee muri\u00f3 de insuficiencia org\u00e1nica m\u00faltiple, tras hab\u00e9rsele realizado el pasado 10 de agosto una operaci\u00f3n de urgencia, con la finalidad de extirparle un co\u00e1gulo de sangre en el cerebro.<\/p>\n\n\n\n<p>Durante el ingreso, el exmandatario asi\u00e1tico cay\u00f3 en un coma agudo. Finalmente, su cuadro cl\u00ednico empeor\u00f3 al resultar positivo a la COVID-19, hasta fallecer el lunes a las 16H: 40 (hora local).<\/p>\n\n\n\n<p>&nbsp;\u201cEs triste escuchar que el ex presidente Shri Pranab Mukherjee ya no existe. Su desaparici\u00f3n es el paso de una era. Un coloso en la vida p\u00fablica, sirvi\u00f3 a la Madre India con el esp\u00edritu de un sabio\u201d, public\u00f3 desde la casa presidencial Rashtrapati Bhavan.<br>Al mismo tiempo, el primer ministro indio, Narendra Modi se\u00f1al\u00f3 que Mukherjee \u201cfue un erudito por excelencia (&#8230;) y admirado en todo el espectro pol\u00edtico y por todos los sectores de la sociedad\u201d.<\/p>\n\n\n\n<p>Pranab Kumar Mukherjee naci\u00f3 el 11 de diciembre de 1935 en la ciudad de Mirati, perteneciente a la regi\u00f3n de Bengala. A los 34 a\u00f1os de edad ingres\u00f3 por primera vez al parlamento indio, siendo reelegido para este puesto un total de siete veces.<\/p>\n\n\n\n<p>Mukherjee ocup\u00f3 adem\u00e1s los cargos de ministro de Finanzas, Asuntos Exteriores, Comercio y Defensa. Durante su trayectoria pol\u00edtica fue un importante aliado de la exprimera ministra india Indira Gandhi y posteriormente de la presidenta del Partido del Congreso, Sonia Gandhi.<\/p>\n\n\n\n<p>Mukherjee recibi\u00f3 en 2019 la condecoraci\u00f3n m\u00e1s importante del pa\u00eds, la Bharat Ratna, otorgada a quienes han dedicado su vida al servicio de la naci\u00f3n. A su vez hab\u00eda recibido en 2008 la tercera orden de importancia de la India, la Padma Vibhushan.<\/p>\n\n\n\n<p>Por su parte, en homenaje a quien fuera el decimotercer presidente de esta naci\u00f3n asi\u00e1tica, el Gobierno indio decret\u00f3 siete d\u00edas de luto estatal, el cual concluir\u00e1 el pr\u00f3ximo 6 de septiembre.<br>&#8212; NNN-TELESUR<br><\/p>\n","protected":false},"excerpt":{"rendered":"<p>NUEVA DELHI, 1 de septiembre (NNN-TELESUR) &#8212; El expresidente de la India, Pranab Kumar Mukherjee quien gobernara el pa\u00eds asi\u00e1tico entre 2012 y 2017 falleci\u00f3 el lunes a la edad de 84 a\u00f1os en el Hospital Militar de Nueva Dehli. Mukherjee muri\u00f3 de insuficiencia org\u00e1nica m\u00faltiple, tras hab\u00e9rsele realizado el pasado 10 de agosto una [&hellip;]<\/p>\n","protected":false},"author":2,"featured_media":39430,"comment_status":"closed","ping_status":"closed","sticky":false,"template":"","format":"standard","meta":[],"categories":[274,208,211],"tags":[],"_links":{"self":[{"href":"http:\/\/www.namnewsnetwork.org\/es\/index.php?rest_route=\/wp\/v2\/posts\/39423"}],"collection":[{"href":"http:\/\/www.namnewsnetwork.org\/es\/index.php?rest_route=\/wp\/v2\/posts"}],"about":[{"href":"http:\/\/www.namnewsnetwork.org\/es\/index.php?rest_route=\/wp\/v2\/types\/post"}],"author":[{"embeddable":true,"href":"http:\/\/www.namnewsnetwork.org\/es\/index.php?rest_route=\/wp\/v2\/users\/2"}],"replies":[{"embeddable":true,"href":"http:\/\/www.namnewsnetwork.org\/es\/index.php?rest_route=%2Fwp%2Fv2%2Fcomments&post=39423"}],"version-history":[{"count":1,"href":"http:\/\/www.namnewsnetwork.org\/es\/index.php?rest_route=\/wp\/v2\/posts\/39423\/revisions"}],"predecessor-version":[{"id":39431,"href":"http:\/\/www.namnewsnetwork.org\/es\/index.php?rest_route=\/wp\/v2\/posts\/39423\/revisions\/39431"}],"wp:featuredmedia":[{"embeddable":true,"href":"http:\/\/www.namnewsnetwork.org\/es\/index.php?rest_route=\/wp\/v2\/media\/39430"}],"wp:attachment":[{"href":"http:\/\/www.namnewsnetwork.org\/es\/index.php?rest_route=%2Fwp%2Fv2%2Fmedia&parent=39423"}],"wp:term":[{"taxonomy":"category","embeddable":true,"href":"http:\/\/www.namnewsnetwork.org\/es\/index.php?rest_route=%2Fwp%2Fv2%2Fcategories&post=39423"},{"taxonomy":"post_tag","embeddable":true,"href":"http:\/\/www.namnewsnetwork.org\/es\/index.php?rest_route=%2Fwp%2Fv2%2Ftags&post=39423"}],"curies":[{"name":"wp","href":"https:\/\/api.w.org\/{rel}","templated":true}]}}