{"id":39346,"date":"2020-08-30T23:48:51","date_gmt":"2020-08-30T15:48:51","guid":{"rendered":"http:\/\/www.namnewsnetwork.org\/es\/?p=39346"},"modified":"2020-08-30T23:48:53","modified_gmt":"2020-08-30T15:48:53","slug":"tres-muertos-y-siete-heridos-en-enfrentamiento-entre-ejercito-filipino-y-abu-sayyaf","status":"publish","type":"post","link":"http:\/\/www.namnewsnetwork.org\/es\/?p=39346","title":{"rendered":"Tres muertos y siete heridos en enfrentamiento entre ej\u00e9rcito filipino y Abu Sayyaf"},"content":{"rendered":"\n<p>MANILA, 30 de agosto (NNN-VNA) &#8212; Tres personas murieron, incluido un soldado, y otros siete milicias resultaron heridos cuando las fuerzas gubernamentales se enfrentaron con unos 30 combatientes del grupo yihadista Abu Sayyaf en las selvas de la provincia de Sulu, en el sur de Filipinas, seg\u00fan fuentes oficiales.<\/p>\n\n\n\n<div class=\"wp-block-image\"><figure class=\"alignright is-resized\"><img loading=\"lazy\" src=\"http:\/\/www.namnewsnetwork.org\/es\/wp-content\/uploads\/2020\/08\/Tres-muertos-y-siete-heridos-en-enfrentamiento-entre-ej\u00e9rcito-filipino-y-grupo-terrorista-Abu-Sayyaf.jpg\" alt=\"\" class=\"wp-image-39353\" width=\"319\" height=\"180\" srcset=\"http:\/\/www.namnewsnetwork.org\/es\/wp-content\/uploads\/2020\/08\/Tres-muertos-y-siete-heridos-en-enfrentamiento-entre-ej\u00e9rcito-filipino-y-grupo-terrorista-Abu-Sayyaf.jpg 434w, http:\/\/www.namnewsnetwork.org\/es\/wp-content\/uploads\/2020\/08\/Tres-muertos-y-siete-heridos-en-enfrentamiento-entre-ej\u00e9rcito-filipino-y-grupo-terrorista-Abu-Sayyaf-300x169.jpg 300w\" sizes=\"(max-width: 319px) 100vw, 319px\" \/><figcaption> Escenario del enfrentamiento. (Fuente: TopNew Philippines) <\/figcaption><\/figure><\/div>\n\n\n\n<p>El general de brigada William Gonzales, comandante del grupo de trabajo conjunto Sul\u00fa, dijo que el enfrentamiento de 30 minutos estall\u00f3 alrededor de las 09:45 (hora local) en una aldea cerca de la ciudad de Patikul.<\/p>\n\n\n\n<p>Gonzales dijo que las tropas estaban persiguiendo a Abu Sayyaf, que llev\u00f3 a cabo los recientes dos atentados suicidas con bomba el 24 de agosto en Jol\u00f3, la capital de Sul\u00fa, los que mataron a 15 personas y lesionaron a otras 74.<\/p>\n\n\n\n<p>Jolo se ha considerado durante mucho tiempo como una base del grupo terrorista Abu Sayyaf.<\/p>\n\n\n\n<p>El 27 de enero de 2019, dos bombas tambi\u00e9n sacudieron una catedral en Jol\u00f3 y dejaron 23 muertos y 95 heridos.<\/p>\n\n\n\n<p>El grupo, que ha estado sembrando el terror en el sur de Filipinas desde la d\u00e9cada de 1990, es responsable de una serie de secuestros, atentados con bombas mortales, emboscadas al personal de seguridad, decapitaciones p\u00fablicas, asesinatos y extorsiones en la regi\u00f3n de Mindanao.<br>\n&#8212; NNN-VNA<\/p>\n","protected":false},"excerpt":{"rendered":"<p>MANILA, 30 de agosto (NNN-VNA) &#8212; Tres personas murieron, incluido un soldado, y otros siete milicias resultaron heridos cuando las fuerzas gubernamentales se enfrentaron con unos 30 combatientes del grupo yihadista Abu Sayyaf en las selvas de la provincia de Sulu, en el sur de Filipinas, seg\u00fan fuentes oficiales. El general de brigada William Gonzales, [&hellip;]<\/p>\n","protected":false},"author":2,"featured_media":39353,"comment_status":"closed","ping_status":"closed","sticky":false,"template":"","format":"standard","meta":[],"categories":[274,208,211],"tags":[],"_links":{"self":[{"href":"http:\/\/www.namnewsnetwork.org\/es\/index.php?rest_route=\/wp\/v2\/posts\/39346"}],"collection":[{"href":"http:\/\/www.namnewsnetwork.org\/es\/index.php?rest_route=\/wp\/v2\/posts"}],"about":[{"href":"http:\/\/www.namnewsnetwork.org\/es\/index.php?rest_route=\/wp\/v2\/types\/post"}],"author":[{"embeddable":true,"href":"http:\/\/www.namnewsnetwork.org\/es\/index.php?rest_route=\/wp\/v2\/users\/2"}],"replies":[{"embeddable":true,"href":"http:\/\/www.namnewsnetwork.org\/es\/index.php?rest_route=%2Fwp%2Fv2%2Fcomments&post=39346"}],"version-history":[{"count":1,"href":"http:\/\/www.namnewsnetwork.org\/es\/index.php?rest_route=\/wp\/v2\/posts\/39346\/revisions"}],"predecessor-version":[{"id":39354,"href":"http:\/\/www.namnewsnetwork.org\/es\/index.php?rest_route=\/wp\/v2\/posts\/39346\/revisions\/39354"}],"wp:featuredmedia":[{"embeddable":true,"href":"http:\/\/www.namnewsnetwork.org\/es\/index.php?rest_route=\/wp\/v2\/media\/39353"}],"wp:attachment":[{"href":"http:\/\/www.namnewsnetwork.org\/es\/index.php?rest_route=%2Fwp%2Fv2%2Fmedia&parent=39346"}],"wp:term":[{"taxonomy":"category","embeddable":true,"href":"http:\/\/www.namnewsnetwork.org\/es\/index.php?rest_route=%2Fwp%2Fv2%2Fcategories&post=39346"},{"taxonomy":"post_tag","embeddable":true,"href":"http:\/\/www.namnewsnetwork.org\/es\/index.php?rest_route=%2Fwp%2Fv2%2Ftags&post=39346"}],"curies":[{"name":"wp","href":"https:\/\/api.w.org\/{rel}","templated":true}]}}