{"id":39340,"date":"2020-08-30T23:47:52","date_gmt":"2020-08-30T15:47:52","guid":{"rendered":"http:\/\/www.namnewsnetwork.org\/es\/?p=39340"},"modified":"2020-08-30T23:47:53","modified_gmt":"2020-08-30T15:47:53","slug":"camboya-reanudara-actividades-en-escuelas-preescolares-y-primarias-en-septiembre","status":"publish","type":"post","link":"http:\/\/www.namnewsnetwork.org\/es\/?p=39340","title":{"rendered":"Camboya reanudar\u00e1 actividades en escuelas preescolares y primarias en septiembre"},"content":{"rendered":"\n<p>NOM PEN, 30 de agosto (NNN-VNA) &#8212; El Ministerio de Educaci\u00f3n, Juventud y Deportes de Camboya dio luz verde recientemente a la reapertura de las escuelas preescolares y primarias en el pr\u00f3ximo mes, despu\u00e9s de su cierre de m\u00e1s de tres meses para impedir la propagaci\u00f3n de la pandemia de COVID-19.<\/p>\n\n\n\n<div class=\"wp-block-image\"><figure class=\"alignright is-resized\"><img loading=\"lazy\" src=\"http:\/\/www.namnewsnetwork.org\/es\/wp-content\/uploads\/2020\/08\/Camboya-reanudar\u00e1-actividades-en-escuelas-preescolares-y-primarias-en-septiembre.jpg\" alt=\"\" class=\"wp-image-39351\" width=\"301\" height=\"194\" srcset=\"http:\/\/www.namnewsnetwork.org\/es\/wp-content\/uploads\/2020\/08\/Camboya-reanudar\u00e1-actividades-en-escuelas-preescolares-y-primarias-en-septiembre.jpg 384w, http:\/\/www.namnewsnetwork.org\/es\/wp-content\/uploads\/2020\/08\/Camboya-reanudar\u00e1-actividades-en-escuelas-preescolares-y-primarias-en-septiembre-300x193.jpg 300w\" sizes=\"(max-width: 301px) 100vw, 301px\" \/><figcaption> Una escuela en Camboya. (Fuente: Reuters) <\/figcaption><\/figure><\/div>\n\n\n\n<p>Camboya no registr\u00f3 nuevos casos de la enfermedad la v\u00edspera, lo que marc\u00f3 el duod\u00e9cimo d\u00eda consecutivo sin infecciones en la comunidad.<\/p>\n\n\n\n<p>En consecuencia, las escuelas camboyanas pueden reanudar sus actividades si garantizan el cumplimiento de los criterios relacionados con la seguridad y el bienestar de los estudiantes y el personal.<\/p>\n\n\n\n<p>Camboya report\u00f3 hasta la fecha 273 pacientes de COVID-19, de los cuales 264 se han recuperado por completo.<br>\n&#8212; NNN-VNA<\/p>\n","protected":false},"excerpt":{"rendered":"<p>NOM PEN, 30 de agosto (NNN-VNA) &#8212; El Ministerio de Educaci\u00f3n, Juventud y Deportes de Camboya dio luz verde recientemente a la reapertura de las escuelas preescolares y primarias en el pr\u00f3ximo mes, despu\u00e9s de su cierre de m\u00e1s de tres meses para impedir la propagaci\u00f3n de la pandemia de COVID-19. Camboya no registr\u00f3 nuevos [&hellip;]<\/p>\n","protected":false},"author":2,"featured_media":39351,"comment_status":"closed","ping_status":"closed","sticky":false,"template":"","format":"standard","meta":[],"categories":[274,208,211],"tags":[],"_links":{"self":[{"href":"http:\/\/www.namnewsnetwork.org\/es\/index.php?rest_route=\/wp\/v2\/posts\/39340"}],"collection":[{"href":"http:\/\/www.namnewsnetwork.org\/es\/index.php?rest_route=\/wp\/v2\/posts"}],"about":[{"href":"http:\/\/www.namnewsnetwork.org\/es\/index.php?rest_route=\/wp\/v2\/types\/post"}],"author":[{"embeddable":true,"href":"http:\/\/www.namnewsnetwork.org\/es\/index.php?rest_route=\/wp\/v2\/users\/2"}],"replies":[{"embeddable":true,"href":"http:\/\/www.namnewsnetwork.org\/es\/index.php?rest_route=%2Fwp%2Fv2%2Fcomments&post=39340"}],"version-history":[{"count":1,"href":"http:\/\/www.namnewsnetwork.org\/es\/index.php?rest_route=\/wp\/v2\/posts\/39340\/revisions"}],"predecessor-version":[{"id":39352,"href":"http:\/\/www.namnewsnetwork.org\/es\/index.php?rest_route=\/wp\/v2\/posts\/39340\/revisions\/39352"}],"wp:featuredmedia":[{"embeddable":true,"href":"http:\/\/www.namnewsnetwork.org\/es\/index.php?rest_route=\/wp\/v2\/media\/39351"}],"wp:attachment":[{"href":"http:\/\/www.namnewsnetwork.org\/es\/index.php?rest_route=%2Fwp%2Fv2%2Fmedia&parent=39340"}],"wp:term":[{"taxonomy":"category","embeddable":true,"href":"http:\/\/www.namnewsnetwork.org\/es\/index.php?rest_route=%2Fwp%2Fv2%2Fcategories&post=39340"},{"taxonomy":"post_tag","embeddable":true,"href":"http:\/\/www.namnewsnetwork.org\/es\/index.php?rest_route=%2Fwp%2Fv2%2Ftags&post=39340"}],"curies":[{"name":"wp","href":"https:\/\/api.w.org\/{rel}","templated":true}]}}