{"id":39280,"date":"2020-08-29T23:33:55","date_gmt":"2020-08-29T15:33:55","guid":{"rendered":"http:\/\/www.namnewsnetwork.org\/es\/?p=39280"},"modified":"2020-08-29T23:33:57","modified_gmt":"2020-08-29T15:33:57","slug":"renuncia-el-primer-ministro-de-japon-por-problemas-de-salud","status":"publish","type":"post","link":"http:\/\/www.namnewsnetwork.org\/es\/?p=39280","title":{"rendered":"Renuncia el primer ministro de Jap\u00f3n por problemas de salud"},"content":{"rendered":"\n<p>TOKIO, 29 de agosto (NNN-AGENCIAS) &#8212; Despu\u00e9s de convertirse en el jefe m\u00e1s joven de un Ejecutivo japon\u00e9s desde la posguerra, a los 52 a\u00f1os, y batir el r\u00e9cord como el primer ministro m\u00e1s duradero, Shinzo Abe renunci\u00f3 el viernes a su cargo como premier por problemas de salud, pues desde hace tiempo una colitis ulcerosa.<\/p>\n\n\n\n<div class=\"wp-block-image\"><figure class=\"alignright\"><img loading=\"lazy\" width=\"330\" height=\"239\" src=\"http:\/\/www.namnewsnetwork.org\/es\/wp-content\/uploads\/2020\/08\/Shinzo-Abe-renuncia-por-salud.jpg\" alt=\"\" class=\"wp-image-39282\" srcset=\"http:\/\/www.namnewsnetwork.org\/es\/wp-content\/uploads\/2020\/08\/Shinzo-Abe-renuncia-por-salud.jpg 330w, http:\/\/www.namnewsnetwork.org\/es\/wp-content\/uploads\/2020\/08\/Shinzo-Abe-renuncia-por-salud-300x217.jpg 300w\" sizes=\"(max-width: 330px) 100vw, 330px\" \/><figcaption>Foto: EPA\/Kimimsa Mayama<\/figcaption><\/figure><\/div>\n\n\n\n<p>Abe, de 65 a\u00f1os y quien desde muy joven padece esa enfermedad que puede afectar parte o todo el colon, pas\u00f3 casi 2.800 d\u00edas consecutivos que pas\u00f3 al frente del gobierno de Tokio.<\/p>\n\n\n\n<p>&#8220;No estoy m\u00e1s en condiciones de respetar el mandato del pueblo y por eso, renuncio. Pido disculpas sinceras&#8221;, dijo Abe en una transmisi\u00f3n televisiva en vivo, visiblemente emocionado, despu\u00e9s de casi 8 a\u00f1os en el poder y en medio de una emergencia sanitaria que ciertamente no facilitar\u00e1 el trabajo de su sucesor.<\/p>\n\n\n\n<p>Los rumores sobre su salud circulaban desde hace semanas, despu\u00e9s de las recientes y largas visitas al hospital, dos solo en el \u00faltimo mes.<\/p>\n\n\n\n<p>Un verano sin parar para su gobierno por la gesti\u00f3n de la pandemia, durante el cual Abe mantuvo un perfil bajo, sin revelar nada sobre su estado de salud.<\/p>\n\n\n\n<p>De regreso al poder en 2012, despu\u00e9s de un breve mandato cinco a\u00f1os antes, el primer ministro hab\u00eda vencido la enfermedad gracias a un nuevo medicamento.<\/p>\n\n\n\n<p>Los a\u00f1os siguientes coincidieron con el legado m\u00e1s representativo de su administraci\u00f3n, con la iniciativa denominada &#8220;Abenomics&#8221; para sacar al pa\u00eds de la depresi\u00f3n econ\u00f3mica de una d\u00e9cada, formada por una pol\u00edtica monetaria ultraexpansiva con el objetivo de derrotar la deflaci\u00f3n y el progresivo aumento del gasto p\u00fablico.<\/p>\n\n\n\n<p>Esos factores habr\u00edan creado las condiciones para la posterior devaluaci\u00f3n del yen, favoreciendo las exportaciones japonesas.<\/p>\n\n\n\n<p>Pero la tan esperada expansi\u00f3n econ\u00f3mica tuvo que lidiar, sin embargo, con los efectos desestabilizadores del sistema financiero global y las tensiones en el nivel del comercio internacional, con socios comerciales como Estados Unidos y China.<\/p>\n\n\n\n<p>Criticado por un enfoque lento y confuso para gestionar la emergencia sanitaria, el nivel de aprobaci\u00f3n de Abe hab\u00eda ca\u00eddo a un m\u00ednimo hist\u00f3rico, alrededor del 38%, a pesar de que el n\u00famero de contagios y muertes ha sido m\u00e1s limitado que en otros pa\u00edses avanzados.<\/p>\n\n\n\n<p>En el plano interno, entretanto, el primer ministro conservador no logr\u00f3 completar el proyecto de revisi\u00f3n de la constituci\u00f3n pacifista.<\/p>\n\n\n\n<p>La renuncia de Abe sacudi\u00f3 los mercados, con la Bolsa de Tokio que perdi\u00f3 dos puntos porcentuales al cierre de la sesi\u00f3n.<\/p>\n\n\n\n<p>Los analistas anticiparon nuevas incertidumbres, con los riesgos de una segunda ola de coronavirus, cuando se daba por sentado el final de la legislatura con el plazonatural de septiembre de 2021.<br>\n&#8212; NNN-AGENCIAS<\/p>\n","protected":false},"excerpt":{"rendered":"<p>TOKIO, 29 de agosto (NNN-AGENCIAS) &#8212; Despu\u00e9s de convertirse en el jefe m\u00e1s joven de un Ejecutivo japon\u00e9s desde la posguerra, a los 52 a\u00f1os, y batir el r\u00e9cord como el primer ministro m\u00e1s duradero, Shinzo Abe renunci\u00f3 el viernes a su cargo como premier por problemas de salud, pues desde hace tiempo una colitis [&hellip;]<\/p>\n","protected":false},"author":2,"featured_media":39282,"comment_status":"closed","ping_status":"closed","sticky":false,"template":"","format":"standard","meta":[],"categories":[274,208,211],"tags":[],"_links":{"self":[{"href":"http:\/\/www.namnewsnetwork.org\/es\/index.php?rest_route=\/wp\/v2\/posts\/39280"}],"collection":[{"href":"http:\/\/www.namnewsnetwork.org\/es\/index.php?rest_route=\/wp\/v2\/posts"}],"about":[{"href":"http:\/\/www.namnewsnetwork.org\/es\/index.php?rest_route=\/wp\/v2\/types\/post"}],"author":[{"embeddable":true,"href":"http:\/\/www.namnewsnetwork.org\/es\/index.php?rest_route=\/wp\/v2\/users\/2"}],"replies":[{"embeddable":true,"href":"http:\/\/www.namnewsnetwork.org\/es\/index.php?rest_route=%2Fwp%2Fv2%2Fcomments&post=39280"}],"version-history":[{"count":1,"href":"http:\/\/www.namnewsnetwork.org\/es\/index.php?rest_route=\/wp\/v2\/posts\/39280\/revisions"}],"predecessor-version":[{"id":39283,"href":"http:\/\/www.namnewsnetwork.org\/es\/index.php?rest_route=\/wp\/v2\/posts\/39280\/revisions\/39283"}],"wp:featuredmedia":[{"embeddable":true,"href":"http:\/\/www.namnewsnetwork.org\/es\/index.php?rest_route=\/wp\/v2\/media\/39282"}],"wp:attachment":[{"href":"http:\/\/www.namnewsnetwork.org\/es\/index.php?rest_route=%2Fwp%2Fv2%2Fmedia&parent=39280"}],"wp:term":[{"taxonomy":"category","embeddable":true,"href":"http:\/\/www.namnewsnetwork.org\/es\/index.php?rest_route=%2Fwp%2Fv2%2Fcategories&post=39280"},{"taxonomy":"post_tag","embeddable":true,"href":"http:\/\/www.namnewsnetwork.org\/es\/index.php?rest_route=%2Fwp%2Fv2%2Ftags&post=39280"}],"curies":[{"name":"wp","href":"https:\/\/api.w.org\/{rel}","templated":true}]}}