{"id":39002,"date":"2020-08-24T13:18:25","date_gmt":"2020-08-24T05:18:25","guid":{"rendered":"http:\/\/www.namnewsnetwork.org\/es\/?p=39002"},"modified":"2020-08-24T13:31:31","modified_gmt":"2020-08-24T05:31:31","slug":"aumentan-a-mil-016-casos-de-covid-19-en-vietnam","status":"publish","type":"post","link":"http:\/\/www.namnewsnetwork.org\/es\/?p=39002","title":{"rendered":"Aumentan a mil 016 casos de COVID-19 en Vietnam"},"content":{"rendered":"\n<p>HAN\u00d3I, 24 de agosto (NNN-PRENSA LATINA) &#8212; Otros dos casos aumentaron el domingo a mil 016 el n\u00famero de enfermos de  COVID-19 en Vietnam, pero la situaci\u00f3n en la central ciudad de Da Nang, el principal foco del mal, evoluciona positivamente.<\/p>\n\n\n\n<p>Antes, la comisi\u00f3n encargada de contener la pandemia report\u00f3 la muerte de dos personas -ambas residentes en aquella urbe, de edad avanzada y con enfermedades graves que impidieron salvarles las vidas-, con lo que el total de fallecidos se elev\u00f3 a 27.<\/p>\n\n\n\n<p>La inmensa mayor\u00eda de las v\u00edctimas mortales del s\u00edndrome respiratorio agudo severo eran adultos mayores aquejados de graves enfermedades subyacentes y radicados en aquella urbe.<\/p>\n\n\n\n<p>Hasta el 25 de julio Vietnam solo registraba 417 casos de  COVID-19, pero ese d\u00eda ocurri\u00f3 un rebrote de la enfermedad en Da Nang y desde entonces la cifra aument\u00f3 en 599, de los cuales 533 (el 80 por ciento) est\u00e1n relacionados directa o indirectamente con el foco en esa ciudad.<\/p>\n\n\n\n<p>De acuerdo con el Ministerio de Salud, la situaci\u00f3n all\u00ed ya est\u00e1 controlada en lo fundamental, lo que se refleja en el decreciente n\u00famero de infectados.<\/p>\n\n\n\n<p>Este domingo el n\u00famero de restablecidos lleg\u00f3 a 568. Entre los que a\u00fan est\u00e1n bajo tratamiento, 116 dieron negativo a una, dos o tres pruebas de detecci\u00f3n del SARS-CoV-2.<\/p>\n\n\n\n<p>M\u00e1s de 77 mil personas cumplen cuarentena o est\u00e1n bajo seguimiento m\u00e9dico en centros especializados o en sus casas, casi todos vietnamitas regresados de otras naciones donde fueron sorprendidos por la pandemia. El proceso de repatriaci\u00f3n a\u00fan est\u00e1 en marcha.<br>\n&#8212; NNN-PRENSA LATINA<\/p>\n","protected":false},"excerpt":{"rendered":"<p>HAN\u00d3I, 24 de agosto (NNN-PRENSA LATINA) &#8212; Otros dos casos aumentaron el domingo a mil 016 el n\u00famero de enfermos de COVID-19 en Vietnam, pero la situaci\u00f3n en la central ciudad de Da Nang, el principal foco del mal, evoluciona positivamente. Antes, la comisi\u00f3n encargada de contener la pandemia report\u00f3 la muerte de dos personas [&hellip;]<\/p>\n","protected":false},"author":2,"featured_media":39005,"comment_status":"closed","ping_status":"closed","sticky":false,"template":"","format":"standard","meta":[],"categories":[274,208,211,198],"tags":[],"_links":{"self":[{"href":"http:\/\/www.namnewsnetwork.org\/es\/index.php?rest_route=\/wp\/v2\/posts\/39002"}],"collection":[{"href":"http:\/\/www.namnewsnetwork.org\/es\/index.php?rest_route=\/wp\/v2\/posts"}],"about":[{"href":"http:\/\/www.namnewsnetwork.org\/es\/index.php?rest_route=\/wp\/v2\/types\/post"}],"author":[{"embeddable":true,"href":"http:\/\/www.namnewsnetwork.org\/es\/index.php?rest_route=\/wp\/v2\/users\/2"}],"replies":[{"embeddable":true,"href":"http:\/\/www.namnewsnetwork.org\/es\/index.php?rest_route=%2Fwp%2Fv2%2Fcomments&post=39002"}],"version-history":[{"count":2,"href":"http:\/\/www.namnewsnetwork.org\/es\/index.php?rest_route=\/wp\/v2\/posts\/39002\/revisions"}],"predecessor-version":[{"id":39014,"href":"http:\/\/www.namnewsnetwork.org\/es\/index.php?rest_route=\/wp\/v2\/posts\/39002\/revisions\/39014"}],"wp:featuredmedia":[{"embeddable":true,"href":"http:\/\/www.namnewsnetwork.org\/es\/index.php?rest_route=\/wp\/v2\/media\/39005"}],"wp:attachment":[{"href":"http:\/\/www.namnewsnetwork.org\/es\/index.php?rest_route=%2Fwp%2Fv2%2Fmedia&parent=39002"}],"wp:term":[{"taxonomy":"category","embeddable":true,"href":"http:\/\/www.namnewsnetwork.org\/es\/index.php?rest_route=%2Fwp%2Fv2%2Fcategories&post=39002"},{"taxonomy":"post_tag","embeddable":true,"href":"http:\/\/www.namnewsnetwork.org\/es\/index.php?rest_route=%2Fwp%2Fv2%2Ftags&post=39002"}],"curies":[{"name":"wp","href":"https:\/\/api.w.org\/{rel}","templated":true}]}}