{"id":38963,"date":"2020-08-23T23:12:40","date_gmt":"2020-08-23T15:12:40","guid":{"rendered":"http:\/\/www.namnewsnetwork.org\/es\/?p=38963"},"modified":"2020-08-23T23:12:41","modified_gmt":"2020-08-23T15:12:41","slug":"ataque-aereo-deja-10-milicianos-muertos-en-afganistan","status":"publish","type":"post","link":"http:\/\/www.namnewsnetwork.org\/es\/?p=38963","title":{"rendered":"Ataque a\u00e9reo deja 10 milicianos muertos en Afganist\u00e1n"},"content":{"rendered":"\n<p>KUNDUZ, AFGANIST\u00c1N, 23 de agosto (NNN-XINHUA) &#8212; Al menos diez milicianos fueron abatidos y cinco m\u00e1s resultaron heridos como consecuencia de un bombardeo realizado la ma\u00f1ana del domingo por la Fuerza A\u00e9rea de Afganist\u00e1n contra una posici\u00f3n de los rebeldes en la provincia de Kunduz (norte), inform\u00f3 una fuente oficial local.<\/p>\n\n\n\n<p>&#8220;Se han prolongado varios d\u00edas los enfrentamientos entre fuerzas de seguridad y milicianos talibanes en el distrito de Khan Abad&#8221;, dijo a Xinhua el subjefe distrital Qudratullah Safi.<\/p>\n\n\n\n<p>Seg\u00fan detall\u00f3, &#8220;un grupo de los insurgentes tom\u00f3 el s\u00e1bado unos puestos de control de seguridad en el poblado de Dowkan-e-Adam Khan de ese distrito. Sin embargo, la Fuerza A\u00e9rea llev\u00f3 a cabo el bombardeo en la ma\u00f1ana del domingo, matando e hiriendo a los milicianos all\u00ed&#8221;.<\/p>\n\n\n\n<p>Los milicianos bloquearon, desde hace 12 d\u00edas, una carretera principal que conecta Kunduz con la provincia vecina de Takhar, a\u00f1adi\u00f3 el funcionario.<\/p>\n\n\n\n<p>Hasta el momento, los talibanes no han respondido a la informaci\u00f3n suministrada por las fuentes oficiales<br>\n&#8212; NNN-XINHUA<\/p>\n","protected":false},"excerpt":{"rendered":"<p>KUNDUZ, AFGANIST\u00c1N, 23 de agosto (NNN-XINHUA) &#8212; Al menos diez milicianos fueron abatidos y cinco m\u00e1s resultaron heridos como consecuencia de un bombardeo realizado la ma\u00f1ana del domingo por la Fuerza A\u00e9rea de Afganist\u00e1n contra una posici\u00f3n de los rebeldes en la provincia de Kunduz (norte), inform\u00f3 una fuente oficial local. &#8220;Se han prolongado varios [&hellip;]<\/p>\n","protected":false},"author":2,"featured_media":15465,"comment_status":"closed","ping_status":"closed","sticky":false,"template":"","format":"standard","meta":[],"categories":[274,208,211],"tags":[],"_links":{"self":[{"href":"http:\/\/www.namnewsnetwork.org\/es\/index.php?rest_route=\/wp\/v2\/posts\/38963"}],"collection":[{"href":"http:\/\/www.namnewsnetwork.org\/es\/index.php?rest_route=\/wp\/v2\/posts"}],"about":[{"href":"http:\/\/www.namnewsnetwork.org\/es\/index.php?rest_route=\/wp\/v2\/types\/post"}],"author":[{"embeddable":true,"href":"http:\/\/www.namnewsnetwork.org\/es\/index.php?rest_route=\/wp\/v2\/users\/2"}],"replies":[{"embeddable":true,"href":"http:\/\/www.namnewsnetwork.org\/es\/index.php?rest_route=%2Fwp%2Fv2%2Fcomments&post=38963"}],"version-history":[{"count":1,"href":"http:\/\/www.namnewsnetwork.org\/es\/index.php?rest_route=\/wp\/v2\/posts\/38963\/revisions"}],"predecessor-version":[{"id":38968,"href":"http:\/\/www.namnewsnetwork.org\/es\/index.php?rest_route=\/wp\/v2\/posts\/38963\/revisions\/38968"}],"wp:featuredmedia":[{"embeddable":true,"href":"http:\/\/www.namnewsnetwork.org\/es\/index.php?rest_route=\/wp\/v2\/media\/15465"}],"wp:attachment":[{"href":"http:\/\/www.namnewsnetwork.org\/es\/index.php?rest_route=%2Fwp%2Fv2%2Fmedia&parent=38963"}],"wp:term":[{"taxonomy":"category","embeddable":true,"href":"http:\/\/www.namnewsnetwork.org\/es\/index.php?rest_route=%2Fwp%2Fv2%2Fcategories&post=38963"},{"taxonomy":"post_tag","embeddable":true,"href":"http:\/\/www.namnewsnetwork.org\/es\/index.php?rest_route=%2Fwp%2Fv2%2Ftags&post=38963"}],"curies":[{"name":"wp","href":"https:\/\/api.w.org\/{rel}","templated":true}]}}