{"id":38863,"date":"2020-08-22T23:22:56","date_gmt":"2020-08-22T15:22:56","guid":{"rendered":"http:\/\/www.namnewsnetwork.org\/es\/?p=38863"},"modified":"2020-08-22T23:22:57","modified_gmt":"2020-08-22T15:22:57","slug":"alertan-sobre-nuevos-casos-de-dengue-en-banglades","status":"publish","type":"post","link":"http:\/\/www.namnewsnetwork.org\/es\/?p=38863","title":{"rendered":"Alertan sobre nuevos casos de dengue en Banglad\u00e9s"},"content":{"rendered":"\n<p>DACA, 22 de agosto (NNN-TELESUR) &#8212; La Direcci\u00f3n General de Servicios de Salud de Banglad\u00e9s inform\u00f3 el viernes sobre el ingreso hospitalario en la ciudad de Daca (capital) de al menos 393 pacientes con dengue, enfermedad transmitida por el mosquito Aedes Aegypti.<\/p>\n\n\n\n<div class=\"wp-block-image\"><figure class=\"alignright is-resized\"><img loading=\"lazy\" src=\"http:\/\/www.namnewsnetwork.org\/es\/wp-content\/uploads\/2020\/08\/Alertan-sobre-nuevos-casos-de-dengue-en-Banglad\u00e9s.jpg\" alt=\"\" class=\"wp-image-38890\" width=\"344\" height=\"194\" srcset=\"http:\/\/www.namnewsnetwork.org\/es\/wp-content\/uploads\/2020\/08\/Alertan-sobre-nuevos-casos-de-dengue-en-Banglad\u00e9s.jpg 420w, http:\/\/www.namnewsnetwork.org\/es\/wp-content\/uploads\/2020\/08\/Alertan-sobre-nuevos-casos-de-dengue-en-Banglad\u00e9s-300x169.jpg 300w\" sizes=\"(max-width: 344px) 100vw, 344px\" \/><figcaption> Foto: The Daily Star <\/figcaption><\/figure><\/div>\n\n\n\n<p>De acuerdo con epidemiologos y vir\u00f3logos, hasta el momento, la repercusi\u00f3n de la enfermedad es menor con respecto al a\u00f1o anterior, cuando se registraron m\u00e1s de 8.000 para el mismo per\u00edodo.<\/p>\n\n\n\n<p>Los especialistas del ente indicaron que la baja corresponde a las medidas para controlar los mosquitos, a la reducci\u00f3n del movimiento de personas, el cierre de instituciones y oficinas por la actual pandemia de la COVID-19.<\/p>\n\n\n\n<p>Por otro lado, las inundaciones generadas ante el monz\u00f3n que se registr\u00f3 a inicios de mes tambi\u00e9n ha generado una alerta en el pa\u00eds por las consecuencias que pueden generar en el territorio, como p\u00e9rdidas humanas, materiales y diversas enfermedades.<\/p>\n\n\n\n<p>&#8220;Esta es una de las mayores inundaciones del monz\u00f3n que hemos enfrentado en muchos a\u00f1os y lo peor a\u00fan est\u00e1 por venir&#8221;, asever\u00f3 en su momento el secretario general de la Media Luna Roja de Banglad\u00e9s, Feroz Salah Uddin, quien enfatiz\u00f3 que estas inundaciones provocan un riesgo creciente de malaria, dengue y diarreas, as\u00ed como el empeoramiento de la COVID-19 en el pa\u00eds.<\/p>\n\n\n\n<p>Seg\u00fan cifras presentadas por las autoridades sanitarias del pa\u00eds, el a\u00f1o pasado se report\u00f3 un total de 179 personas fallecidas luego de un brote masivo de dengue, que tambi\u00e9n dej\u00f3 a unos 101.354 hospitalizados.<br>\n&#8212; NNN-TELESUR<\/p>\n","protected":false},"excerpt":{"rendered":"<p>DACA, 22 de agosto (NNN-TELESUR) &#8212; La Direcci\u00f3n General de Servicios de Salud de Banglad\u00e9s inform\u00f3 el viernes sobre el ingreso hospitalario en la ciudad de Daca (capital) de al menos 393 pacientes con dengue, enfermedad transmitida por el mosquito Aedes Aegypti. De acuerdo con epidemiologos y vir\u00f3logos, hasta el momento, la repercusi\u00f3n de la [&hellip;]<\/p>\n","protected":false},"author":2,"featured_media":38890,"comment_status":"closed","ping_status":"closed","sticky":false,"template":"","format":"standard","meta":[],"categories":[274,208,211,198],"tags":[],"_links":{"self":[{"href":"http:\/\/www.namnewsnetwork.org\/es\/index.php?rest_route=\/wp\/v2\/posts\/38863"}],"collection":[{"href":"http:\/\/www.namnewsnetwork.org\/es\/index.php?rest_route=\/wp\/v2\/posts"}],"about":[{"href":"http:\/\/www.namnewsnetwork.org\/es\/index.php?rest_route=\/wp\/v2\/types\/post"}],"author":[{"embeddable":true,"href":"http:\/\/www.namnewsnetwork.org\/es\/index.php?rest_route=\/wp\/v2\/users\/2"}],"replies":[{"embeddable":true,"href":"http:\/\/www.namnewsnetwork.org\/es\/index.php?rest_route=%2Fwp%2Fv2%2Fcomments&post=38863"}],"version-history":[{"count":1,"href":"http:\/\/www.namnewsnetwork.org\/es\/index.php?rest_route=\/wp\/v2\/posts\/38863\/revisions"}],"predecessor-version":[{"id":38891,"href":"http:\/\/www.namnewsnetwork.org\/es\/index.php?rest_route=\/wp\/v2\/posts\/38863\/revisions\/38891"}],"wp:featuredmedia":[{"embeddable":true,"href":"http:\/\/www.namnewsnetwork.org\/es\/index.php?rest_route=\/wp\/v2\/media\/38890"}],"wp:attachment":[{"href":"http:\/\/www.namnewsnetwork.org\/es\/index.php?rest_route=%2Fwp%2Fv2%2Fmedia&parent=38863"}],"wp:term":[{"taxonomy":"category","embeddable":true,"href":"http:\/\/www.namnewsnetwork.org\/es\/index.php?rest_route=%2Fwp%2Fv2%2Fcategories&post=38863"},{"taxonomy":"post_tag","embeddable":true,"href":"http:\/\/www.namnewsnetwork.org\/es\/index.php?rest_route=%2Fwp%2Fv2%2Ftags&post=38863"}],"curies":[{"name":"wp","href":"https:\/\/api.w.org\/{rel}","templated":true}]}}