{"id":38607,"date":"2020-08-14T13:05:28","date_gmt":"2020-08-14T05:05:28","guid":{"rendered":"http:\/\/www.namnewsnetwork.org\/es\/?p=38607"},"modified":"2020-08-14T13:05:29","modified_gmt":"2020-08-14T05:05:29","slug":"japon-y-singapur-acuerdan-flexibilizar-restricciones-de-viaje","status":"publish","type":"post","link":"http:\/\/www.namnewsnetwork.org\/es\/?p=38607","title":{"rendered":"Jap\u00f3n y Singapur acuerdan flexibilizar restricciones de viaje"},"content":{"rendered":"\n<p>TOKIO, 14 de agosto (NNN-VNA) &#8212; El ministro de Asuntos Exteriores de Jap\u00f3n, Toshimitsu Motegi, y su hom\u00f3logo de Singapur, Vivian Balakrishnan, acordaron flexibilizar las restricciones de viaje adoptadas por sus respectivos gobiernos para prevenir la propagaci\u00f3n de la pandemia del COVID-19.<\/p>\n\n\n\n<div class=\"wp-block-image\"><figure class=\"alignright is-resized\"><img loading=\"lazy\" src=\"http:\/\/www.namnewsnetwork.org\/es\/wp-content\/uploads\/2020\/08\/Jap\u00f3n-y-Singapur-acuerdan-flexibilizar-restricciones-de-viaje.jpg\" alt=\"\" class=\"wp-image-38614\" width=\"285\" height=\"190\" srcset=\"http:\/\/www.namnewsnetwork.org\/es\/wp-content\/uploads\/2020\/08\/Jap\u00f3n-y-Singapur-acuerdan-flexibilizar-restricciones-de-viaje.jpg 358w, http:\/\/www.namnewsnetwork.org\/es\/wp-content\/uploads\/2020\/08\/Jap\u00f3n-y-Singapur-acuerdan-flexibilizar-restricciones-de-viaje-300x200.jpg 300w\" sizes=\"(max-width: 285px) 100vw, 285px\" \/><figcaption>El ministro de Asuntos Exteriores de Jap\u00f3n, Toshimitsu Motegi. (Foto: AFP\/ VNA) <\/figcaption><\/figure><\/div>\n\n\n\n<p>Motegi coincidi\u00f3 con su par singapurense en reanudar a partir de septiembre pr\u00f3ximo los viajes entre los dos pa\u00edses por motivos de trabajo, paralelamente con la aplicaci\u00f3n de las medidas de prevenci\u00f3n contra la epidemia.<\/p>\n\n\n\n<p>Actualmente, el funcionario nip\u00f3n cumple una visita de trabajo de cuatro d\u00edas a Singapur y Malasia, con el objetivo de impulsar la relajaci\u00f3n de los controles fronterizos con los pa\u00edses del Sudeste Asi\u00e1tico.<\/p>\n\n\n\n<p>Despu\u00e9s de regresar a Jap\u00f3n, el canciller viajar\u00e1 a Pap\u00faa Nueva Guinea y tres pa\u00edses de la subregi\u00f3n del r\u00edo Mekong, incluidos Camboya, Laos y Myanmar, del 20 al 25 de agosto.<\/p>\n\n\n\n<p>Hasta la fecha, Jap\u00f3n impone una prohibici\u00f3n de entrada a ciudadanos de 146 pa\u00edses y territorios. Los residentes extranjeros tampoco pueden regresar a la naci\u00f3n del Sol Naciente una vez que salgan de este pa\u00eds, excepto algunos casos especiales.<\/p>\n\n\n\n<p>Con respecto a la situaci\u00f3n epid\u00e9mica en Jap\u00f3n, Tokio registr\u00f3 hoy 206 casos infectados adicionales, lo que elev\u00f3 el recuento a 52 mil pacientes y convirti\u00f3 a la ciudad en la localidad con el mayor n\u00famero de contagiados en todo el pa\u00eds.<br>&#8212; NNN-VNA<\/p>\n","protected":false},"excerpt":{"rendered":"<p>TOKIO, 14 de agosto (NNN-VNA) &#8212; El ministro de Asuntos Exteriores de Jap\u00f3n, Toshimitsu Motegi, y su hom\u00f3logo de Singapur, Vivian Balakrishnan, acordaron flexibilizar las restricciones de viaje adoptadas por sus respectivos gobiernos para prevenir la propagaci\u00f3n de la pandemia del COVID-19. Motegi coincidi\u00f3 con su par singapurense en reanudar a partir de septiembre pr\u00f3ximo [&hellip;]<\/p>\n","protected":false},"author":2,"featured_media":38614,"comment_status":"closed","ping_status":"closed","sticky":false,"template":"","format":"standard","meta":[],"categories":[274,208,211],"tags":[],"_links":{"self":[{"href":"http:\/\/www.namnewsnetwork.org\/es\/index.php?rest_route=\/wp\/v2\/posts\/38607"}],"collection":[{"href":"http:\/\/www.namnewsnetwork.org\/es\/index.php?rest_route=\/wp\/v2\/posts"}],"about":[{"href":"http:\/\/www.namnewsnetwork.org\/es\/index.php?rest_route=\/wp\/v2\/types\/post"}],"author":[{"embeddable":true,"href":"http:\/\/www.namnewsnetwork.org\/es\/index.php?rest_route=\/wp\/v2\/users\/2"}],"replies":[{"embeddable":true,"href":"http:\/\/www.namnewsnetwork.org\/es\/index.php?rest_route=%2Fwp%2Fv2%2Fcomments&post=38607"}],"version-history":[{"count":1,"href":"http:\/\/www.namnewsnetwork.org\/es\/index.php?rest_route=\/wp\/v2\/posts\/38607\/revisions"}],"predecessor-version":[{"id":38615,"href":"http:\/\/www.namnewsnetwork.org\/es\/index.php?rest_route=\/wp\/v2\/posts\/38607\/revisions\/38615"}],"wp:featuredmedia":[{"embeddable":true,"href":"http:\/\/www.namnewsnetwork.org\/es\/index.php?rest_route=\/wp\/v2\/media\/38614"}],"wp:attachment":[{"href":"http:\/\/www.namnewsnetwork.org\/es\/index.php?rest_route=%2Fwp%2Fv2%2Fmedia&parent=38607"}],"wp:term":[{"taxonomy":"category","embeddable":true,"href":"http:\/\/www.namnewsnetwork.org\/es\/index.php?rest_route=%2Fwp%2Fv2%2Fcategories&post=38607"},{"taxonomy":"post_tag","embeddable":true,"href":"http:\/\/www.namnewsnetwork.org\/es\/index.php?rest_route=%2Fwp%2Fv2%2Ftags&post=38607"}],"curies":[{"name":"wp","href":"https:\/\/api.w.org\/{rel}","templated":true}]}}