{"id":38392,"date":"2020-08-10T13:20:34","date_gmt":"2020-08-10T05:20:34","guid":{"rendered":"http:\/\/www.namnewsnetwork.org\/es\/?p=38392"},"modified":"2020-08-10T13:20:36","modified_gmt":"2020-08-10T05:20:36","slug":"atentado-en-afganistan-causa-victimas-civiles-y-militares","status":"publish","type":"post","link":"http:\/\/www.namnewsnetwork.org\/es\/?p=38392","title":{"rendered":"Atentado en Afganist\u00e1n causa v\u00edctimas civiles y militares"},"content":{"rendered":"\n<p>KABUL, 10 de agosto (NNN-PRENSA LATINA) &#8212; v\u00edctimas, entre ellos dos civiles muertos y cinco militares heridos, caus\u00f3 un atentado en Kampani, barrio de la periferia oeste de esta capital, inform\u00f3 el domingo el portavoz castrense, Ferdaus Faramarz.<\/p>\n\n\n\n<p>Seg\u00fan la agencia rusa de noticias Sputnik, el suceso tuvo lugar cuando un hombre se inmol\u00f3 al activar el detonante de los explosivos cargados en una carretilla que arrastraba.<\/p>\n\n\n\n<p>A\u00f1adi\u00f3 que la explosi\u00f3n ocurri\u00f3 horas despu\u00e9s de que una Loya Jirga o gran asamblea tradicional, aprobara la liberaci\u00f3n de 400 miembros del Talib\u00e1n para allanar el camino para las conversaciones de paz entre el Gobierno afgano y el grupo Talib\u00e1n.<\/p>\n\n\n\n<p>De acuerdo con la fuente, ning\u00fan grupo armado afgano se atribuy\u00f3 hasta ahora el atentado.<br>&#8212; NNN-PRENSA LATINA<\/p>\n","protected":false},"excerpt":{"rendered":"<p>KABUL, 10 de agosto (NNN-PRENSA LATINA) &#8212; v\u00edctimas, entre ellos dos civiles muertos y cinco militares heridos, caus\u00f3 un atentado en Kampani, barrio de la periferia oeste de esta capital, inform\u00f3 el domingo el portavoz castrense, Ferdaus Faramarz. Seg\u00fan la agencia rusa de noticias Sputnik, el suceso tuvo lugar cuando un hombre se inmol\u00f3 al [&hellip;]<\/p>\n","protected":false},"author":2,"featured_media":38405,"comment_status":"closed","ping_status":"closed","sticky":false,"template":"","format":"standard","meta":[],"categories":[274,208,211],"tags":[],"_links":{"self":[{"href":"http:\/\/www.namnewsnetwork.org\/es\/index.php?rest_route=\/wp\/v2\/posts\/38392"}],"collection":[{"href":"http:\/\/www.namnewsnetwork.org\/es\/index.php?rest_route=\/wp\/v2\/posts"}],"about":[{"href":"http:\/\/www.namnewsnetwork.org\/es\/index.php?rest_route=\/wp\/v2\/types\/post"}],"author":[{"embeddable":true,"href":"http:\/\/www.namnewsnetwork.org\/es\/index.php?rest_route=\/wp\/v2\/users\/2"}],"replies":[{"embeddable":true,"href":"http:\/\/www.namnewsnetwork.org\/es\/index.php?rest_route=%2Fwp%2Fv2%2Fcomments&post=38392"}],"version-history":[{"count":1,"href":"http:\/\/www.namnewsnetwork.org\/es\/index.php?rest_route=\/wp\/v2\/posts\/38392\/revisions"}],"predecessor-version":[{"id":38406,"href":"http:\/\/www.namnewsnetwork.org\/es\/index.php?rest_route=\/wp\/v2\/posts\/38392\/revisions\/38406"}],"wp:featuredmedia":[{"embeddable":true,"href":"http:\/\/www.namnewsnetwork.org\/es\/index.php?rest_route=\/wp\/v2\/media\/38405"}],"wp:attachment":[{"href":"http:\/\/www.namnewsnetwork.org\/es\/index.php?rest_route=%2Fwp%2Fv2%2Fmedia&parent=38392"}],"wp:term":[{"taxonomy":"category","embeddable":true,"href":"http:\/\/www.namnewsnetwork.org\/es\/index.php?rest_route=%2Fwp%2Fv2%2Fcategories&post=38392"},{"taxonomy":"post_tag","embeddable":true,"href":"http:\/\/www.namnewsnetwork.org\/es\/index.php?rest_route=%2Fwp%2Fv2%2Ftags&post=38392"}],"curies":[{"name":"wp","href":"https:\/\/api.w.org\/{rel}","templated":true}]}}