{"id":38210,"date":"2020-08-06T23:55:16","date_gmt":"2020-08-06T15:55:16","guid":{"rendered":"http:\/\/www.namnewsnetwork.org\/es\/?p=38210"},"modified":"2020-08-06T23:55:55","modified_gmt":"2020-08-06T15:55:55","slug":"asean-trabaja-para-hacer-frente-a-neblina-transfronteriza","status":"publish","type":"post","link":"http:\/\/www.namnewsnetwork.org\/es\/?p=38210","title":{"rendered":"ASEAN trabaja para hacer frente a neblina transfronteriza"},"content":{"rendered":"\n<p>YAKARTA, 6 de agosto (NNN-VNA) &#8212; El Secretariado de la ASEAN celebr\u00f3 un seminario en l\u00ednea sobre el fortalecimiento de los esfuerzos de coordinaci\u00f3n y la preparaci\u00f3n para hacer frente a la contaminaci\u00f3n transfronteriza por neblina, que alcanzar\u00e1 su punto m\u00e1ximo en agosto y septiembre.<\/p>\n\n\n\n<div class=\"wp-block-image\"><figure class=\"alignright is-resized\"><img loading=\"lazy\" src=\"http:\/\/www.namnewsnetwork.org\/es\/wp-content\/uploads\/2020\/08\/ASEAN-trabaja-para-hacer-frente-a-neblina-transfronteriza.jpg\" alt=\"\" class=\"wp-image-38221\" width=\"309\" height=\"199\" srcset=\"http:\/\/www.namnewsnetwork.org\/es\/wp-content\/uploads\/2020\/08\/ASEAN-trabaja-para-hacer-frente-a-neblina-transfronteriza.jpg 378w, http:\/\/www.namnewsnetwork.org\/es\/wp-content\/uploads\/2020\/08\/ASEAN-trabaja-para-hacer-frente-a-neblina-transfronteriza-300x193.jpg 300w, http:\/\/www.namnewsnetwork.org\/es\/wp-content\/uploads\/2020\/08\/ASEAN-trabaja-para-hacer-frente-a-neblina-transfronteriza-375x243.jpg 375w\" sizes=\"(max-width: 309px) 100vw, 309px\" \/><figcaption> (Fuente:AFP\/VNA) <\/figcaption><\/figure><\/div>\n\n\n\n<p>En el evento efectuado el 4 de agosto, el subsecretario general de la ASEAN a cargo de la Comunidad Sociocultural, Kung Phoak, enfatiz\u00f3 las amenazas y los posibles impactos de la pandemia de COVID-19 en la prevenci\u00f3n y respuesta a los incendios forestales y la contaminaci\u00f3n por neblina debido a los recursos limitados y la capacidad de enfrentamiento. &nbsp;<\/p>\n\n\n\n<p>Asimismo, pidi\u00f3 la coordinaci\u00f3n entre el gobierno, la comunidad y el sector privado para fortalecer la capacidad y la disponibilidad en caso de incendios forestales y contaminaci\u00f3n por neblina transfronteriza.<\/p>\n\n\n\n<p>En el seminario, representantes de los pa\u00edses de la ASEAN y Australia compartieron sus actividades de preparaci\u00f3n en la pr\u00f3xima estaci\u00f3n seca en la regi\u00f3n, as\u00ed como las medidas tomadas para prevenir los incendios forestales y la contaminaci\u00f3n por neblina.&nbsp;<br>Tambi\u00e9n discutieron la simulaci\u00f3n del impacto de la pandemia en la resiliencia de la ASEAN y el presupuesto para la prevenci\u00f3n, preparaci\u00f3n, gesti\u00f3n y prevenci\u00f3n de casos de contaminaci\u00f3n, as\u00ed como el uso de la tecnolog\u00eda avanzada para prevenir los mencionados fen\u00f3menos.<\/p>\n\n\n\n<p>Los delegados tambi\u00e9n enfatizaron la importancia de la coordinaci\u00f3n interdisciplinaria, con un enfoque en estrategias y prioridades de salud, prevenci\u00f3n y control de enfermedades infecciosas como el COVID-19.<br>&#8212; NNN-VNA<\/p>\n","protected":false},"excerpt":{"rendered":"<p>YAKARTA, 6 de agosto (NNN-VNA) &#8212; El Secretariado de la ASEAN celebr\u00f3 un seminario en l\u00ednea sobre el fortalecimiento de los esfuerzos de coordinaci\u00f3n y la preparaci\u00f3n para hacer frente a la contaminaci\u00f3n transfronteriza por neblina, que alcanzar\u00e1 su punto m\u00e1ximo en agosto y septiembre. En el evento efectuado el 4 de agosto, el subsecretario [&hellip;]<\/p>\n","protected":false},"author":2,"featured_media":38221,"comment_status":"closed","ping_status":"closed","sticky":false,"template":"","format":"standard","meta":[],"categories":[274,208,211],"tags":[],"_links":{"self":[{"href":"http:\/\/www.namnewsnetwork.org\/es\/index.php?rest_route=\/wp\/v2\/posts\/38210"}],"collection":[{"href":"http:\/\/www.namnewsnetwork.org\/es\/index.php?rest_route=\/wp\/v2\/posts"}],"about":[{"href":"http:\/\/www.namnewsnetwork.org\/es\/index.php?rest_route=\/wp\/v2\/types\/post"}],"author":[{"embeddable":true,"href":"http:\/\/www.namnewsnetwork.org\/es\/index.php?rest_route=\/wp\/v2\/users\/2"}],"replies":[{"embeddable":true,"href":"http:\/\/www.namnewsnetwork.org\/es\/index.php?rest_route=%2Fwp%2Fv2%2Fcomments&post=38210"}],"version-history":[{"count":1,"href":"http:\/\/www.namnewsnetwork.org\/es\/index.php?rest_route=\/wp\/v2\/posts\/38210\/revisions"}],"predecessor-version":[{"id":38224,"href":"http:\/\/www.namnewsnetwork.org\/es\/index.php?rest_route=\/wp\/v2\/posts\/38210\/revisions\/38224"}],"wp:featuredmedia":[{"embeddable":true,"href":"http:\/\/www.namnewsnetwork.org\/es\/index.php?rest_route=\/wp\/v2\/media\/38221"}],"wp:attachment":[{"href":"http:\/\/www.namnewsnetwork.org\/es\/index.php?rest_route=%2Fwp%2Fv2%2Fmedia&parent=38210"}],"wp:term":[{"taxonomy":"category","embeddable":true,"href":"http:\/\/www.namnewsnetwork.org\/es\/index.php?rest_route=%2Fwp%2Fv2%2Fcategories&post=38210"},{"taxonomy":"post_tag","embeddable":true,"href":"http:\/\/www.namnewsnetwork.org\/es\/index.php?rest_route=%2Fwp%2Fv2%2Ftags&post=38210"}],"curies":[{"name":"wp","href":"https:\/\/api.w.org\/{rel}","templated":true}]}}