{"id":37654,"date":"2020-07-25T23:44:12","date_gmt":"2020-07-25T15:44:12","guid":{"rendered":"http:\/\/www.namnewsnetwork.org\/es\/?p=37654"},"modified":"2020-07-25T23:44:14","modified_gmt":"2020-07-25T15:44:14","slug":"dos-muertos-en-accidente-de-helicoptero-militar-en-filipinas","status":"publish","type":"post","link":"http:\/\/www.namnewsnetwork.org\/es\/?p=37654","title":{"rendered":"Dos muertos en accidente de helic\u00f3ptero militar en Filipinas"},"content":{"rendered":"\n<p>MANILA, 25 de julio (NNN-VNA) &#8212; Dos muertos, un lesionado y otras dos personas desparecidos es el saldo del accidente de un helic\u00f3ptero militar que se estrell\u00f3 en un campamento militar en el Norte de este pa\u00eds.<\/p>\n\n\n\n<div class=\"wp-block-image\"><figure class=\"alignright is-resized\"><img loading=\"lazy\" src=\"http:\/\/www.namnewsnetwork.org\/es\/wp-content\/uploads\/2020\/07\/Dos-muertos-en-accidente-de-helic\u00f3ptero-militar-en-Filipinas.jpg\" alt=\"\" class=\"wp-image-37658\" width=\"335\" height=\"223\" srcset=\"http:\/\/www.namnewsnetwork.org\/es\/wp-content\/uploads\/2020\/07\/Dos-muertos-en-accidente-de-helic\u00f3ptero-militar-en-Filipinas.jpg 372w, http:\/\/www.namnewsnetwork.org\/es\/wp-content\/uploads\/2020\/07\/Dos-muertos-en-accidente-de-helic\u00f3ptero-militar-en-Filipinas-300x200.jpg 300w\" sizes=\"(max-width: 335px) 100vw, 335px\" \/><figcaption> (Fuente: VNA) <\/figcaption><\/figure><\/div>\n\n\n\n<p>De acuerdo con la Fuerza A\u00e9rea de Filipinas (PAF, por siglas en ingl\u00e9s), el helic\u00f3ptero UH-1D Huey, perteneciente al Escuadr\u00f3n A\u00e9reo de Pelea 205 de PAF, cay\u00f3 alrededor de las 19:00 (hora local) del 23 de julio, despu\u00e9s de su despegue en la Base  de la Fuerza A\u00e9rea de Cauayan de la provincia de Isabela.<\/p>\n\n\n\n<p>Tras confirmar el siniestro, la Autoridad de Aviaci\u00f3n Civil de Filipinas inform\u00f3 que cinco personas a bordo del avi\u00f3n accidentado incluyeron dos pilotos, un copiloto y dos miembros de la tripulaci\u00f3n.<br>\n&#8212; NNN-VNA<\/p>\n","protected":false},"excerpt":{"rendered":"<p>MANILA, 25 de julio (NNN-VNA) &#8212; Dos muertos, un lesionado y otras dos personas desparecidos es el saldo del accidente de un helic\u00f3ptero militar que se estrell\u00f3 en un campamento militar en el Norte de este pa\u00eds. De acuerdo con la Fuerza A\u00e9rea de Filipinas (PAF, por siglas en ingl\u00e9s), el helic\u00f3ptero UH-1D Huey, perteneciente [&hellip;]<\/p>\n","protected":false},"author":2,"featured_media":37658,"comment_status":"closed","ping_status":"closed","sticky":false,"template":"","format":"standard","meta":[],"categories":[274,208,211],"tags":[],"_links":{"self":[{"href":"http:\/\/www.namnewsnetwork.org\/es\/index.php?rest_route=\/wp\/v2\/posts\/37654"}],"collection":[{"href":"http:\/\/www.namnewsnetwork.org\/es\/index.php?rest_route=\/wp\/v2\/posts"}],"about":[{"href":"http:\/\/www.namnewsnetwork.org\/es\/index.php?rest_route=\/wp\/v2\/types\/post"}],"author":[{"embeddable":true,"href":"http:\/\/www.namnewsnetwork.org\/es\/index.php?rest_route=\/wp\/v2\/users\/2"}],"replies":[{"embeddable":true,"href":"http:\/\/www.namnewsnetwork.org\/es\/index.php?rest_route=%2Fwp%2Fv2%2Fcomments&post=37654"}],"version-history":[{"count":1,"href":"http:\/\/www.namnewsnetwork.org\/es\/index.php?rest_route=\/wp\/v2\/posts\/37654\/revisions"}],"predecessor-version":[{"id":37659,"href":"http:\/\/www.namnewsnetwork.org\/es\/index.php?rest_route=\/wp\/v2\/posts\/37654\/revisions\/37659"}],"wp:featuredmedia":[{"embeddable":true,"href":"http:\/\/www.namnewsnetwork.org\/es\/index.php?rest_route=\/wp\/v2\/media\/37658"}],"wp:attachment":[{"href":"http:\/\/www.namnewsnetwork.org\/es\/index.php?rest_route=%2Fwp%2Fv2%2Fmedia&parent=37654"}],"wp:term":[{"taxonomy":"category","embeddable":true,"href":"http:\/\/www.namnewsnetwork.org\/es\/index.php?rest_route=%2Fwp%2Fv2%2Fcategories&post=37654"},{"taxonomy":"post_tag","embeddable":true,"href":"http:\/\/www.namnewsnetwork.org\/es\/index.php?rest_route=%2Fwp%2Fv2%2Ftags&post=37654"}],"curies":[{"name":"wp","href":"https:\/\/api.w.org\/{rel}","templated":true}]}}