{"id":36977,"date":"2020-07-12T00:04:59","date_gmt":"2020-07-11T16:04:59","guid":{"rendered":"http:\/\/www.namnewsnetwork.org\/es\/?p=36977"},"modified":"2020-07-12T00:05:00","modified_gmt":"2020-07-11T16:05:00","slug":"corte-apelaciones-reduce-a-20-anos-sentencia-expresidenta-surcoreana-park","status":"publish","type":"post","link":"http:\/\/www.namnewsnetwork.org\/es\/?p=36977","title":{"rendered":"Corte apelaciones reduce a 20 a\u00f1os sentencia expresidenta surcoreana Park"},"content":{"rendered":"\n<p>SE\u00daL, 11 de julio (NNN-XINHUA) &#8212; La sentencia de la expresidenta surcoreana, Park Geun-hye, fue rebajada el viernes de 30 a 20 a\u00f1os de prisi\u00f3n por un tribunal de apelaciones tras un nuevo juicio por el esc\u00e1ndalo de corrupci\u00f3n que llev\u00f3 a su destituci\u00f3n, informaron los medios locales.<\/p>\n\n\n\n<p>El Alto Tribunal de Se\u00fal conden\u00f3 a Park a 15 a\u00f1os de c\u00e1rcel por soborno y a otros cinco por otros cargos, con una multa de 15 millones de d\u00f3lares y el decomiso de 2,9 millones de d\u00f3lares.<\/p>\n\n\n\n<p>La corte hab\u00eda condenado a Park, en sus dict\u00e1menes de 2018 y de 2019, a un total de 30 a\u00f1os en prisi\u00f3n con 16,6 millones de d\u00f3lares de multa y 2,2 millones de d\u00f3lares de decomiso.<\/p>\n\n\n\n<p>El Tribunal Supremo hab\u00eda enviado los dos casos al Alto Tribunal de Se\u00fal el a\u00f1o pasado, tras descartar parte los cargos de extorsi\u00f3n y abuso de poder.<\/p>\n\n\n\n<p>Park fue destituida en marzo de 2017 y se convirti\u00f3 en el primer l\u00edder del pa\u00eds destituido por un esc\u00e1ndalo de corrupci\u00f3n, el cual implic\u00f3 a su vieja confidente, Choi Soon-sil.<br>\n&#8212; NNN-XINHUA<\/p>\n","protected":false},"excerpt":{"rendered":"<p>SE\u00daL, 11 de julio (NNN-XINHUA) &#8212; La sentencia de la expresidenta surcoreana, Park Geun-hye, fue rebajada el viernes de 30 a 20 a\u00f1os de prisi\u00f3n por un tribunal de apelaciones tras un nuevo juicio por el esc\u00e1ndalo de corrupci\u00f3n que llev\u00f3 a su destituci\u00f3n, informaron los medios locales. El Alto Tribunal de Se\u00fal conden\u00f3 a [&hellip;]<\/p>\n","protected":false},"author":2,"featured_media":0,"comment_status":"closed","ping_status":"closed","sticky":false,"template":"","format":"standard","meta":[],"categories":[208,211],"tags":[],"_links":{"self":[{"href":"http:\/\/www.namnewsnetwork.org\/es\/index.php?rest_route=\/wp\/v2\/posts\/36977"}],"collection":[{"href":"http:\/\/www.namnewsnetwork.org\/es\/index.php?rest_route=\/wp\/v2\/posts"}],"about":[{"href":"http:\/\/www.namnewsnetwork.org\/es\/index.php?rest_route=\/wp\/v2\/types\/post"}],"author":[{"embeddable":true,"href":"http:\/\/www.namnewsnetwork.org\/es\/index.php?rest_route=\/wp\/v2\/users\/2"}],"replies":[{"embeddable":true,"href":"http:\/\/www.namnewsnetwork.org\/es\/index.php?rest_route=%2Fwp%2Fv2%2Fcomments&post=36977"}],"version-history":[{"count":1,"href":"http:\/\/www.namnewsnetwork.org\/es\/index.php?rest_route=\/wp\/v2\/posts\/36977\/revisions"}],"predecessor-version":[{"id":36980,"href":"http:\/\/www.namnewsnetwork.org\/es\/index.php?rest_route=\/wp\/v2\/posts\/36977\/revisions\/36980"}],"wp:attachment":[{"href":"http:\/\/www.namnewsnetwork.org\/es\/index.php?rest_route=%2Fwp%2Fv2%2Fmedia&parent=36977"}],"wp:term":[{"taxonomy":"category","embeddable":true,"href":"http:\/\/www.namnewsnetwork.org\/es\/index.php?rest_route=%2Fwp%2Fv2%2Fcategories&post=36977"},{"taxonomy":"post_tag","embeddable":true,"href":"http:\/\/www.namnewsnetwork.org\/es\/index.php?rest_route=%2Fwp%2Fv2%2Ftags&post=36977"}],"curies":[{"name":"wp","href":"https:\/\/api.w.org\/{rel}","templated":true}]}}