{"id":36417,"date":"2020-07-01T14:05:14","date_gmt":"2020-07-01T06:05:14","guid":{"rendered":"http:\/\/www.namnewsnetwork.org\/es\/?p=36417"},"modified":"2020-07-01T14:05:16","modified_gmt":"2020-07-01T06:05:16","slug":"air-france-suprimira-mas-de-siete-mil-puestos","status":"publish","type":"post","link":"http:\/\/www.namnewsnetwork.org\/es\/?p=36417","title":{"rendered":"Air France suprimir\u00e1 m\u00e1s de siete mil puestos"},"content":{"rendered":"\n<p>PAR\u00cdS, 1 de julio (NNN-PRENSA LATINA) &#8212; La compa\u00f1\u00eda Air France planea suprimir m\u00e1s de siete mil 500 empleos hasta 2022, se\u00f1alaron el martes sindicatos de la aerol\u00ednea bandera francesa.<\/p>\n\n\n\n<p>Seg\u00fan los gremios, el gigante de la aviaci\u00f3n, asociado con la neerlandesa KLM, pretende cerrar seis mil 500 puestos en sus filas y mil 25 en su filial regional Hop, un 40 por ciento de la plantilla, como respuesta a la crisis econ\u00f3mica causada por la Covid-19.<\/p>\n\n\n\n<p>Este mes, diversos medios reportaron la intenci\u00f3n de Air France de eliminar entre ocho mil y 10 mil plazas, pero las cifras definitivas se conocer\u00e1n el viernes, cuando la empresa anuncie su plan de ajustes.<\/p>\n\n\n\n<p>Los sindicatos advirtieron que la compa\u00f1\u00eda comenzar\u00eda a suprimir empleos a principios de 2021, despu\u00e9s de negociaciones con los trabajadores y sus representantes.<\/p>\n\n\n\n<p>En detalle, la aerol\u00ednea sacar\u00eda a 330 pilotos, casi 290 aeromozas y sobrecargos y 405 miembro del personal de tierra en Hop, y 430 pilotos, mil 560 aeromozas y sobrecargos y cuatro mil 500 trabajadores de tierra.<\/p>\n\n\n\n<p>La mitad de los puestos eliminados ser\u00edan por salida natural, el resto por la modalidad de la salida voluntaria, a partir de negociaciones y de la ruptura de convenios colectivos.<\/p>\n\n\n\n<p>El ministro de Econom\u00eda y Finanzas de Francia, Bruno Le Maire, calific\u00f3 el cierre de plazas en Air France de ajustes necesarios frente a la crisis, pero pidi\u00f3 a la compa\u00f1\u00eda no cruzar la l\u00ednea roja de provocar la salida forzada de sus empleados.<\/p>\n\n\n\n<p>Sindicatos y fuerzas de izquierda critican que la aerol\u00ednea prescinda de miles de trabajadores despu\u00e9s de recibir un rescate de siete mil millones de euros de ayuda del gobierno, su principal accionista, con un 14 por ciento.<br>\n&#8212; NNN-PRENSA LATINA<\/p>\n","protected":false},"excerpt":{"rendered":"<p>PAR\u00cdS, 1 de julio (NNN-PRENSA LATINA) &#8212; La compa\u00f1\u00eda Air France planea suprimir m\u00e1s de siete mil 500 empleos hasta 2022, se\u00f1alaron el martes sindicatos de la aerol\u00ednea bandera francesa. Seg\u00fan los gremios, el gigante de la aviaci\u00f3n, asociado con la neerlandesa KLM, pretende cerrar seis mil 500 puestos en sus filas y mil 25 [&hellip;]<\/p>\n","protected":false},"author":2,"featured_media":36422,"comment_status":"closed","ping_status":"closed","sticky":false,"template":"","format":"standard","meta":[],"categories":[210,278,211],"tags":[],"_links":{"self":[{"href":"http:\/\/www.namnewsnetwork.org\/es\/index.php?rest_route=\/wp\/v2\/posts\/36417"}],"collection":[{"href":"http:\/\/www.namnewsnetwork.org\/es\/index.php?rest_route=\/wp\/v2\/posts"}],"about":[{"href":"http:\/\/www.namnewsnetwork.org\/es\/index.php?rest_route=\/wp\/v2\/types\/post"}],"author":[{"embeddable":true,"href":"http:\/\/www.namnewsnetwork.org\/es\/index.php?rest_route=\/wp\/v2\/users\/2"}],"replies":[{"embeddable":true,"href":"http:\/\/www.namnewsnetwork.org\/es\/index.php?rest_route=%2Fwp%2Fv2%2Fcomments&post=36417"}],"version-history":[{"count":1,"href":"http:\/\/www.namnewsnetwork.org\/es\/index.php?rest_route=\/wp\/v2\/posts\/36417\/revisions"}],"predecessor-version":[{"id":36423,"href":"http:\/\/www.namnewsnetwork.org\/es\/index.php?rest_route=\/wp\/v2\/posts\/36417\/revisions\/36423"}],"wp:featuredmedia":[{"embeddable":true,"href":"http:\/\/www.namnewsnetwork.org\/es\/index.php?rest_route=\/wp\/v2\/media\/36422"}],"wp:attachment":[{"href":"http:\/\/www.namnewsnetwork.org\/es\/index.php?rest_route=%2Fwp%2Fv2%2Fmedia&parent=36417"}],"wp:term":[{"taxonomy":"category","embeddable":true,"href":"http:\/\/www.namnewsnetwork.org\/es\/index.php?rest_route=%2Fwp%2Fv2%2Fcategories&post=36417"},{"taxonomy":"post_tag","embeddable":true,"href":"http:\/\/www.namnewsnetwork.org\/es\/index.php?rest_route=%2Fwp%2Fv2%2Ftags&post=36417"}],"curies":[{"name":"wp","href":"https:\/\/api.w.org\/{rel}","templated":true}]}}