{"id":36416,"date":"2020-07-01T13:54:10","date_gmt":"2020-07-01T05:54:10","guid":{"rendered":"http:\/\/www.namnewsnetwork.org\/es\/?p=36416"},"modified":"2020-07-01T13:54:11","modified_gmt":"2020-07-01T05:54:11","slug":"buenos-aires-entra-en-etapa-de-aislamiento-total-y-estricto","status":"publish","type":"post","link":"http:\/\/www.namnewsnetwork.org\/es\/?p=36416","title":{"rendered":"Buenos Aires entra en etapa de aislamiento total y estricto"},"content":{"rendered":"\n<p>BUENOS AIRES, 1 de julio (NNN-PRENSA LATINA) &#8212; Por orden ejecutiva, esta capital y la provincia de Buenos Aires amanecen el mi\u00e9rcoles en un aislamiento total y estricto en busca de reducir la transmisi\u00f3n comunitaria de la Covid-19, que deja en Argentina casi 65 mil infectados.<\/p>\n\n\n\n<p>&#8216;Es tiempo de cuidar la vida de los argentinos, y para eso debemos estar todos juntos&#8217;, apunt\u00f3 en un mensaje en twitter ayer tarde en la noche el presidente Alberto Fern\u00e1ndez, como un llamado a la conciencia y responsabilidad de aquellos que todav\u00eda no entienden la importancia de resguardarse en casa, sobre todo en estos momentos donde las cifras golpean a ciertas zonas del pa\u00eds.<\/p>\n\n\n\n<p>Desde este mi\u00e9rcoles y hasta el 17 de julio para el \u00c1rea Metropolitana de Buenos Aires rige un aislamiento total y solo podr\u00e1n desplazarse por las calles aquellos trabajadores habilitados dentro de la categor\u00eda de personal esencial, como los de la salud, seguridad, sector prensa, entre otros.<\/p>\n\n\n\n<p>La pandemia no da tregua en esta capital y el cord\u00f3n urbano que lo rodea, y desde hace tres semanas se reportan ya m\u00e1s de dos mil casos diarios. Ayer no fue la excepci\u00f3n, dos mil 262 nuevos positivos y otras 27 v\u00edctimas mortales, para un total de 64 mil 530 casos y mil 307 muertos desde la entrada al pa\u00eds del virus en marzo pasado, aunque m\u00e1s de 21 mil personas lograron recuperarse.<\/p>\n\n\n\n<p>Desde el martes en varios canales televisivos, los spot de concientizaci\u00f3n se repiten mientras en las redes muchos llaman a cuidar la vida, mantenerse unidos como \u00fanica forma de salir de esta compleja situaci\u00f3n.<\/p>\n\n\n\n<p>Despu\u00e9s de algunos d\u00edas de reinicio de ciertas actividades, hoy las ventanas de los negocios volver\u00e1n a cerrarse y solo estar\u00e1n habilitados los comercios de cercan\u00edas imprescindibles.<\/p>\n\n\n\n<p>Adem\u00e1s de la capital y la provincia de Buenos Aires, en Chaco, el departamento rionegrino de General Roca y el aglomerado urbano de Neuqu\u00e9n iniciar\u00e1n ma\u00f1ana una nueva fase del aislamiento obligatorio con mayores restricciones al transporte p\u00fablico y estrictos controles en la circulaci\u00f3n y en las actividades sociales.<br>\n&#8212; NNN-PRENSA LATINA<\/p>\n","protected":false},"excerpt":{"rendered":"<p>BUENOS AIRES, 1 de julio (NNN-PRENSA LATINA) &#8212; Por orden ejecutiva, esta capital y la provincia de Buenos Aires amanecen el mi\u00e9rcoles en un aislamiento total y estricto en busca de reducir la transmisi\u00f3n comunitaria de la Covid-19, que deja en Argentina casi 65 mil infectados. &#8216;Es tiempo de cuidar la vida de los argentinos, [&hellip;]<\/p>\n","protected":false},"author":2,"featured_media":36420,"comment_status":"closed","ping_status":"closed","sticky":false,"template":"","format":"standard","meta":[],"categories":[215,211,198,202],"tags":[],"_links":{"self":[{"href":"http:\/\/www.namnewsnetwork.org\/es\/index.php?rest_route=\/wp\/v2\/posts\/36416"}],"collection":[{"href":"http:\/\/www.namnewsnetwork.org\/es\/index.php?rest_route=\/wp\/v2\/posts"}],"about":[{"href":"http:\/\/www.namnewsnetwork.org\/es\/index.php?rest_route=\/wp\/v2\/types\/post"}],"author":[{"embeddable":true,"href":"http:\/\/www.namnewsnetwork.org\/es\/index.php?rest_route=\/wp\/v2\/users\/2"}],"replies":[{"embeddable":true,"href":"http:\/\/www.namnewsnetwork.org\/es\/index.php?rest_route=%2Fwp%2Fv2%2Fcomments&post=36416"}],"version-history":[{"count":2,"href":"http:\/\/www.namnewsnetwork.org\/es\/index.php?rest_route=\/wp\/v2\/posts\/36416\/revisions"}],"predecessor-version":[{"id":36421,"href":"http:\/\/www.namnewsnetwork.org\/es\/index.php?rest_route=\/wp\/v2\/posts\/36416\/revisions\/36421"}],"wp:featuredmedia":[{"embeddable":true,"href":"http:\/\/www.namnewsnetwork.org\/es\/index.php?rest_route=\/wp\/v2\/media\/36420"}],"wp:attachment":[{"href":"http:\/\/www.namnewsnetwork.org\/es\/index.php?rest_route=%2Fwp%2Fv2%2Fmedia&parent=36416"}],"wp:term":[{"taxonomy":"category","embeddable":true,"href":"http:\/\/www.namnewsnetwork.org\/es\/index.php?rest_route=%2Fwp%2Fv2%2Fcategories&post=36416"},{"taxonomy":"post_tag","embeddable":true,"href":"http:\/\/www.namnewsnetwork.org\/es\/index.php?rest_route=%2Fwp%2Fv2%2Ftags&post=36416"}],"curies":[{"name":"wp","href":"https:\/\/api.w.org\/{rel}","templated":true}]}}