{"id":36214,"date":"2020-06-28T23:21:29","date_gmt":"2020-06-28T15:21:29","guid":{"rendered":"http:\/\/www.namnewsnetwork.org\/es\/?p=36214"},"modified":"2020-06-28T23:21:31","modified_gmt":"2020-06-28T15:21:31","slug":"atentado-causa-la-muerte-de-activistas-de-derechos-humanos-en-afganistan","status":"publish","type":"post","link":"http:\/\/www.namnewsnetwork.org\/es\/?p=36214","title":{"rendered":"Atentado causa la muerte de activistas de derechos humanos en Afganist\u00e1n"},"content":{"rendered":"\n<p>KABUL, 28 de junio (NNN-PRENSA LATINA) &#8212; Al menos dos trabajadores de una comisi\u00f3n de derechos humanos murieron el s\u00e1bado en el este de esta capital por la detonaci\u00f3n de un artefacto explosivo colocado en el veh\u00edculo en que viajaban, informaron fuentes policiales.<\/p>\n\n\n\n<p>Un comunicado de esa corporaci\u00f3n indica que los occisos como consecuencia de la violenta acci\u00f3n, ocurrida en la zona de Pul-e-Charki, son una mujer, la cual se desempe\u00f1aba como asesora legal de dicha Comisi\u00f3n, y su chofer.<\/p>\n\n\n\n<p>Hasta el momento ning\u00fan grupo armado reivindic\u00f3 el atentado, en el que se emple\u00f3 una bomba magn\u00e9tica, difundieron medios de prensa.<\/p>\n\n\n\n<p>Tal hecho ocurre casi una semana despu\u00e9s de que otra explosi\u00f3n matara, en el capitalino distrito de Paghman, a cuatro civiles, todos ellos de una misma familia.<\/p>\n\n\n\n<p>Seg\u00fan el canal televisivo Tolo News, del 18 de mayo al 19 de este mes, en Kabul se registraron 12 detonaciones de bombas, que dejaron saldo de 12 civiles muertos y 40 lesionados.<\/p>\n\n\n\n<p>Diversas fuentes coinciden en que Afganist\u00e1n vive una situaci\u00f3n de inestabilidad atribuida a los ataques del movimiento Talib\u00e1n y el grupo terrorista Estado Isl\u00e1mico, pese a la fuerte presencia en este pa\u00eds de fuerzas militares de Estados Unidos y de la Organizaci\u00f3n del Tratado del Atl\u00e1ntico Norte (OTAN).<\/p>\n\n\n\n<p>Las violentas acciones por parte de esos entes no aminoraron ni siquiera luego de que Washington y la agrupaci\u00f3n Talib\u00e1n suscribieron un acuerdo en febrero pasado en Doha, Catar, que contempla en este pa\u00eds centrtoasi\u00e1tico la reducci\u00f3n de tropas norteamericanas y la liberaci\u00f3n de prisioneros.<br>\n&#8212; NNN-PRENSA LATINA<\/p>\n","protected":false},"excerpt":{"rendered":"<p>KABUL, 28 de junio (NNN-PRENSA LATINA) &#8212; Al menos dos trabajadores de una comisi\u00f3n de derechos humanos murieron el s\u00e1bado en el este de esta capital por la detonaci\u00f3n de un artefacto explosivo colocado en el veh\u00edculo en que viajaban, informaron fuentes policiales. Un comunicado de esa corporaci\u00f3n indica que los occisos como consecuencia de [&hellip;]<\/p>\n","protected":false},"author":2,"featured_media":36217,"comment_status":"closed","ping_status":"closed","sticky":false,"template":"","format":"standard","meta":[],"categories":[274,208,211],"tags":[],"_links":{"self":[{"href":"http:\/\/www.namnewsnetwork.org\/es\/index.php?rest_route=\/wp\/v2\/posts\/36214"}],"collection":[{"href":"http:\/\/www.namnewsnetwork.org\/es\/index.php?rest_route=\/wp\/v2\/posts"}],"about":[{"href":"http:\/\/www.namnewsnetwork.org\/es\/index.php?rest_route=\/wp\/v2\/types\/post"}],"author":[{"embeddable":true,"href":"http:\/\/www.namnewsnetwork.org\/es\/index.php?rest_route=\/wp\/v2\/users\/2"}],"replies":[{"embeddable":true,"href":"http:\/\/www.namnewsnetwork.org\/es\/index.php?rest_route=%2Fwp%2Fv2%2Fcomments&post=36214"}],"version-history":[{"count":1,"href":"http:\/\/www.namnewsnetwork.org\/es\/index.php?rest_route=\/wp\/v2\/posts\/36214\/revisions"}],"predecessor-version":[{"id":36218,"href":"http:\/\/www.namnewsnetwork.org\/es\/index.php?rest_route=\/wp\/v2\/posts\/36214\/revisions\/36218"}],"wp:featuredmedia":[{"embeddable":true,"href":"http:\/\/www.namnewsnetwork.org\/es\/index.php?rest_route=\/wp\/v2\/media\/36217"}],"wp:attachment":[{"href":"http:\/\/www.namnewsnetwork.org\/es\/index.php?rest_route=%2Fwp%2Fv2%2Fmedia&parent=36214"}],"wp:term":[{"taxonomy":"category","embeddable":true,"href":"http:\/\/www.namnewsnetwork.org\/es\/index.php?rest_route=%2Fwp%2Fv2%2Fcategories&post=36214"},{"taxonomy":"post_tag","embeddable":true,"href":"http:\/\/www.namnewsnetwork.org\/es\/index.php?rest_route=%2Fwp%2Fv2%2Ftags&post=36214"}],"curies":[{"name":"wp","href":"https:\/\/api.w.org\/{rel}","templated":true}]}}