{"id":36181,"date":"2020-06-27T23:45:14","date_gmt":"2020-06-27T15:45:14","guid":{"rendered":"http:\/\/www.namnewsnetwork.org\/es\/?p=36181"},"modified":"2020-06-27T23:45:15","modified_gmt":"2020-06-27T15:45:15","slug":"ascienden-a-130-las-muertes-por-tormentas-en-la-india","status":"publish","type":"post","link":"http:\/\/www.namnewsnetwork.org\/es\/?p=36181","title":{"rendered":"Ascienden a 130 las muertes por tormentas en la India"},"content":{"rendered":"\n<p>NUEVA DELHI, 27 de junio (NNN-TELESUR) &#8212; Las autoridades de India anunciaron el viernes que el n\u00famero de personas fallecidas en los \u00faltimos d\u00edas a causa de las tormentas el\u00e9ctricas que han afectado el norte y el este del pa\u00eds ha ascendido a 130.<\/p>\n\n\n\n<div class=\"wp-block-image\"><figure class=\"alignright is-resized\"><img loading=\"lazy\" src=\"http:\/\/www.namnewsnetwork.org\/es\/wp-content\/uploads\/2020\/06\/Asciende-a-130-las-muertes-a-causa-de-las-tormentas-en-India.jpg\" alt=\"\" class=\"wp-image-36188\" width=\"370\" height=\"209\" srcset=\"http:\/\/www.namnewsnetwork.org\/es\/wp-content\/uploads\/2020\/06\/Asciende-a-130-las-muertes-a-causa-de-las-tormentas-en-India.jpg 432w, http:\/\/www.namnewsnetwork.org\/es\/wp-content\/uploads\/2020\/06\/Asciende-a-130-las-muertes-a-causa-de-las-tormentas-en-India-300x169.jpg 300w\" sizes=\"(max-width: 370px) 100vw, 370px\" \/><figcaption> Foto: EuropaPress <\/figcaption><\/figure><\/div>\n\n\n\n<p>Los estados m\u00e1s afectados del pa\u00eds son Bihar y Uttar Pradesh. En ellos la abundancia de descargas el\u00e9ctricas ha sido el principal causante de la p\u00e9rdida de vidas.<\/p>\n\n\n\n<p>El primer ministro, Narenda Mori, expres\u00f3 sus condolencias con las familias de las v\u00edctimas a trav\u00e9s de su perfil en la red social Twitter. Adem\u00e1s, apunt\u00f3 que las autoridades de los estados brindar\u00e1n ayuda a los damnificados.<\/p>\n\n\n\n<p>El Departamento Indio de Meteorolog\u00eda comunic\u00f3 que las inclemencias del tiempo en la regi\u00f3n persistir\u00e1n por al menos los pr\u00f3ximos dos d\u00edas. Las autoridades han pedido a las personas que se mantengan en casa si las condiciones del clima se deterioran.<\/p>\n\n\n\n<p>Las lluvias, descargas el\u00e9ctricas y otros desastres naturales son comunes en la naci\u00f3n en la actual \u00e9poca del a\u00f1o.  La llegada de los vientos monz\u00f3nicos (vientos estacionales en esa parte del planeta) provocan la inestabilidad clim\u00e1tica y la ocurrencia de procesos de bajas presiones.<br>\n&#8212; NNN-TELESUR<\/p>\n","protected":false},"excerpt":{"rendered":"<p>NUEVA DELHI, 27 de junio (NNN-TELESUR) &#8212; Las autoridades de India anunciaron el viernes que el n\u00famero de personas fallecidas en los \u00faltimos d\u00edas a causa de las tormentas el\u00e9ctricas que han afectado el norte y el este del pa\u00eds ha ascendido a 130. Los estados m\u00e1s afectados del pa\u00eds son Bihar y Uttar Pradesh. [&hellip;]<\/p>\n","protected":false},"author":2,"featured_media":36188,"comment_status":"closed","ping_status":"closed","sticky":false,"template":"","format":"standard","meta":[],"categories":[274,208,211],"tags":[],"_links":{"self":[{"href":"http:\/\/www.namnewsnetwork.org\/es\/index.php?rest_route=\/wp\/v2\/posts\/36181"}],"collection":[{"href":"http:\/\/www.namnewsnetwork.org\/es\/index.php?rest_route=\/wp\/v2\/posts"}],"about":[{"href":"http:\/\/www.namnewsnetwork.org\/es\/index.php?rest_route=\/wp\/v2\/types\/post"}],"author":[{"embeddable":true,"href":"http:\/\/www.namnewsnetwork.org\/es\/index.php?rest_route=\/wp\/v2\/users\/2"}],"replies":[{"embeddable":true,"href":"http:\/\/www.namnewsnetwork.org\/es\/index.php?rest_route=%2Fwp%2Fv2%2Fcomments&post=36181"}],"version-history":[{"count":1,"href":"http:\/\/www.namnewsnetwork.org\/es\/index.php?rest_route=\/wp\/v2\/posts\/36181\/revisions"}],"predecessor-version":[{"id":36189,"href":"http:\/\/www.namnewsnetwork.org\/es\/index.php?rest_route=\/wp\/v2\/posts\/36181\/revisions\/36189"}],"wp:featuredmedia":[{"embeddable":true,"href":"http:\/\/www.namnewsnetwork.org\/es\/index.php?rest_route=\/wp\/v2\/media\/36188"}],"wp:attachment":[{"href":"http:\/\/www.namnewsnetwork.org\/es\/index.php?rest_route=%2Fwp%2Fv2%2Fmedia&parent=36181"}],"wp:term":[{"taxonomy":"category","embeddable":true,"href":"http:\/\/www.namnewsnetwork.org\/es\/index.php?rest_route=%2Fwp%2Fv2%2Fcategories&post=36181"},{"taxonomy":"post_tag","embeddable":true,"href":"http:\/\/www.namnewsnetwork.org\/es\/index.php?rest_route=%2Fwp%2Fv2%2Ftags&post=36181"}],"curies":[{"name":"wp","href":"https:\/\/api.w.org\/{rel}","templated":true}]}}