{"id":36078,"date":"2020-06-25T12:48:51","date_gmt":"2020-06-25T04:48:51","guid":{"rendered":"http:\/\/www.namnewsnetwork.org\/es\/?p=36078"},"modified":"2020-06-25T12:48:58","modified_gmt":"2020-06-25T04:48:58","slug":"terremoto-de-magnitud-6-2-sacude-el-este-de-japon","status":"publish","type":"post","link":"http:\/\/www.namnewsnetwork.org\/es\/?p=36078","title":{"rendered":"Terremoto de magnitud 6.2 sacude el este de Jap\u00f3n"},"content":{"rendered":"\n<p>TOKIO, 25 de junio (NNN-TELESUR) &#8212; Las autoridades de Jap\u00f3n informaron el mi\u00e9rcoles sobre la ocurrencia de un temblor de magnitud 6.2 en la escala de Richter a las 04H47 (hora local).<\/p>\n\n\n\n<p>La actividad s\u00edsmica tuvo el epicentro a 30 kil\u00f3metros de profundidad en la prefectura de Chiba, en el este del pa\u00eds, seg\u00fan informaci\u00f3n de la Agencia Meteorol\u00f3gica de Jap\u00f3n.<\/p>\n\n\n\n<p>Hasta este momento, las autoridades de la naci\u00f3n asi\u00e1tica no han informado de da\u00f1os significativos ni de muertes.<\/p>\n\n\n\n<p>Tampoco se ha emitido alerta de tsunami, sin embargo, algunos medios de comunicaci\u00f3n del pa\u00eds han sugerido a las personas que se encuentran en las costas que se ubiquen en lugares altos.<\/p>\n\n\n\n<p>Se ha informado que el temblor fue notable en el este del pa\u00eds. En la capital, Tokyo, y ciudades aleda\u00f1as tambi\u00e9n se sinti\u00f3 con fuerzas.<\/p>\n\n\n\n<p>Jap\u00f3n se ubica en el conocido anillo o cintur\u00f3n de fuego del Pac\u00edfico, una zona geogr\u00e1fica en la que la actividad s\u00edsmica es frecuente. Seg\u00fan varios estudios, la gran mayor\u00eda los temblores en el mundo se producen en esta \u00e1rea.<br>&#8212; NNN-TELESUR<\/p>\n","protected":false},"excerpt":{"rendered":"<p>TOKIO, 25 de junio (NNN-TELESUR) &#8212; Las autoridades de Jap\u00f3n informaron el mi\u00e9rcoles sobre la ocurrencia de un temblor de magnitud 6.2 en la escala de Richter a las 04H47 (hora local). La actividad s\u00edsmica tuvo el epicentro a 30 kil\u00f3metros de profundidad en la prefectura de Chiba, en el este del pa\u00eds, seg\u00fan informaci\u00f3n [&hellip;]<\/p>\n","protected":false},"author":2,"featured_media":36082,"comment_status":"closed","ping_status":"closed","sticky":false,"template":"","format":"standard","meta":[],"categories":[274,208,211],"tags":[],"_links":{"self":[{"href":"http:\/\/www.namnewsnetwork.org\/es\/index.php?rest_route=\/wp\/v2\/posts\/36078"}],"collection":[{"href":"http:\/\/www.namnewsnetwork.org\/es\/index.php?rest_route=\/wp\/v2\/posts"}],"about":[{"href":"http:\/\/www.namnewsnetwork.org\/es\/index.php?rest_route=\/wp\/v2\/types\/post"}],"author":[{"embeddable":true,"href":"http:\/\/www.namnewsnetwork.org\/es\/index.php?rest_route=\/wp\/v2\/users\/2"}],"replies":[{"embeddable":true,"href":"http:\/\/www.namnewsnetwork.org\/es\/index.php?rest_route=%2Fwp%2Fv2%2Fcomments&post=36078"}],"version-history":[{"count":1,"href":"http:\/\/www.namnewsnetwork.org\/es\/index.php?rest_route=\/wp\/v2\/posts\/36078\/revisions"}],"predecessor-version":[{"id":36083,"href":"http:\/\/www.namnewsnetwork.org\/es\/index.php?rest_route=\/wp\/v2\/posts\/36078\/revisions\/36083"}],"wp:featuredmedia":[{"embeddable":true,"href":"http:\/\/www.namnewsnetwork.org\/es\/index.php?rest_route=\/wp\/v2\/media\/36082"}],"wp:attachment":[{"href":"http:\/\/www.namnewsnetwork.org\/es\/index.php?rest_route=%2Fwp%2Fv2%2Fmedia&parent=36078"}],"wp:term":[{"taxonomy":"category","embeddable":true,"href":"http:\/\/www.namnewsnetwork.org\/es\/index.php?rest_route=%2Fwp%2Fv2%2Fcategories&post=36078"},{"taxonomy":"post_tag","embeddable":true,"href":"http:\/\/www.namnewsnetwork.org\/es\/index.php?rest_route=%2Fwp%2Fv2%2Ftags&post=36078"}],"curies":[{"name":"wp","href":"https:\/\/api.w.org\/{rel}","templated":true}]}}