{"id":36039,"date":"2020-06-24T13:54:51","date_gmt":"2020-06-24T05:54:51","guid":{"rendered":"http:\/\/www.namnewsnetwork.org\/es\/?p=36039"},"modified":"2020-06-24T13:54:53","modified_gmt":"2020-06-24T05:54:53","slug":"china-afirma-que-rebrote-de-covid-19-en-pekin-esta-por-finalizar","status":"publish","type":"post","link":"http:\/\/www.namnewsnetwork.org\/es\/?p=36039","title":{"rendered":"China afirma que rebrote de COVID-19 en Pek\u00edn est\u00e1 por finalizar"},"content":{"rendered":"\n<p>PEK\u00cdN, 24 de junio (NNN-TELESUR) &#8212; Al ofrecer el martes un balance, la Comisi\u00f3n Nacional de Sanidad de China, dijo que de 22 casos registrados la \u00faltima jornada, 13 son del brote local de Pek\u00edn ya ser\u00edan 249 los confirmados de ese nuevo foco en la capital china.<\/p>\n\n\n\n<div class=\"wp-block-image\"><figure class=\"alignright is-resized\"><img loading=\"lazy\" src=\"http:\/\/www.namnewsnetwork.org\/es\/wp-content\/uploads\/2020\/06\/China-afirma-que-rebrote-de-Covid-19-en-Beijing-est\u00e1-por-finalizar.jpg\" alt=\"\" class=\"wp-image-36042\" width=\"350\" height=\"224\" srcset=\"http:\/\/www.namnewsnetwork.org\/es\/wp-content\/uploads\/2020\/06\/China-afirma-que-rebrote-de-Covid-19-en-Beijing-est\u00e1-por-finalizar.jpg 404w, http:\/\/www.namnewsnetwork.org\/es\/wp-content\/uploads\/2020\/06\/China-afirma-que-rebrote-de-Covid-19-en-Beijing-est\u00e1-por-finalizar-300x192.jpg 300w\" sizes=\"(max-width: 350px) 100vw, 350px\" \/><figcaption>Foto: Xinhua<\/figcaption><\/figure><\/div>\n\n\n\n<p>Seg\u00fan el subdirector del Centro de Control y Prevenci\u00f3n de Enfermedades local, &#8220;la curva de incidencia, composici\u00f3n y procedencia de los casos&#8221; indican que el brote del mercado de Pek\u00edn lleg\u00f3 al final.<\/p>\n\n\n\n<p>En criterio de estas autoridades sanitarias, aunque en las pr\u00f3ximas semanas se registren nuevos casos, el nivel de trasmisi\u00f3n ser\u00eda muy bajo.<\/p>\n\n\n\n<p>La estrategia de contenci\u00f3n, tras ese rebrote, incluy\u00f3 la realizaci\u00f3n de m\u00e1s de 100.000 pruebas de PCR a trabajadores de reparto a domicilio en Pek\u00edn con el prop\u00f3sito de encontrar contactos esparcidos por toda la ciudad.<\/p>\n\n\n\n<p>En total, en la capital china cerca del 10 por ciento de la poblaci\u00f3n residente en esa ciudad ha sido sometida a pruebas de detecci\u00f3n de la COVID-19.<br>&#8212; NNN-TELESUR<\/p>\n","protected":false},"excerpt":{"rendered":"<p>PEK\u00cdN, 24 de junio (NNN-TELESUR) &#8212; Al ofrecer el martes un balance, la Comisi\u00f3n Nacional de Sanidad de China, dijo que de 22 casos registrados la \u00faltima jornada, 13 son del brote local de Pek\u00edn ya ser\u00edan 249 los confirmados de ese nuevo foco en la capital china. Seg\u00fan el subdirector del Centro de Control [&hellip;]<\/p>\n","protected":false},"author":2,"featured_media":36042,"comment_status":"closed","ping_status":"closed","sticky":false,"template":"","format":"standard","meta":[],"categories":[274,208,211,198],"tags":[],"_links":{"self":[{"href":"http:\/\/www.namnewsnetwork.org\/es\/index.php?rest_route=\/wp\/v2\/posts\/36039"}],"collection":[{"href":"http:\/\/www.namnewsnetwork.org\/es\/index.php?rest_route=\/wp\/v2\/posts"}],"about":[{"href":"http:\/\/www.namnewsnetwork.org\/es\/index.php?rest_route=\/wp\/v2\/types\/post"}],"author":[{"embeddable":true,"href":"http:\/\/www.namnewsnetwork.org\/es\/index.php?rest_route=\/wp\/v2\/users\/2"}],"replies":[{"embeddable":true,"href":"http:\/\/www.namnewsnetwork.org\/es\/index.php?rest_route=%2Fwp%2Fv2%2Fcomments&post=36039"}],"version-history":[{"count":1,"href":"http:\/\/www.namnewsnetwork.org\/es\/index.php?rest_route=\/wp\/v2\/posts\/36039\/revisions"}],"predecessor-version":[{"id":36043,"href":"http:\/\/www.namnewsnetwork.org\/es\/index.php?rest_route=\/wp\/v2\/posts\/36039\/revisions\/36043"}],"wp:featuredmedia":[{"embeddable":true,"href":"http:\/\/www.namnewsnetwork.org\/es\/index.php?rest_route=\/wp\/v2\/media\/36042"}],"wp:attachment":[{"href":"http:\/\/www.namnewsnetwork.org\/es\/index.php?rest_route=%2Fwp%2Fv2%2Fmedia&parent=36039"}],"wp:term":[{"taxonomy":"category","embeddable":true,"href":"http:\/\/www.namnewsnetwork.org\/es\/index.php?rest_route=%2Fwp%2Fv2%2Fcategories&post=36039"},{"taxonomy":"post_tag","embeddable":true,"href":"http:\/\/www.namnewsnetwork.org\/es\/index.php?rest_route=%2Fwp%2Fv2%2Ftags&post=36039"}],"curies":[{"name":"wp","href":"https:\/\/api.w.org\/{rel}","templated":true}]}}